{"id":2602,"date":"2023-02-17T08:00:00","date_gmt":"2023-02-17T07:00:00","guid":{"rendered":"http:\/\/www.pierrecouprie.fr\/?p=2602"},"modified":"2023-02-19T13:25:24","modified_gmt":"2023-02-19T12:25:24","slug":"immanence-de-la-forme-dans-le-cycle-adnos-deliane-radigue","status":"publish","type":"post","link":"https:\/\/www.pierrecouprie.fr\/?p=2602","title":{"rendered":"Immanence de la forme dans le cycle Adnos d&rsquo;\u00c9liane Radigue"},"content":{"rendered":"\n<p>Vous trouverez sur HAL un de mes articles in\u00e9dits issu d&rsquo;une pr\u00e9sentation donn\u00e9e en 2016 \u00e0 Sorbonne Universit\u00e9 dans le cadre d&rsquo;une conf\u00e9rence sur la compositrice Eliane Radigue. J&rsquo;y analyse son cycle <em>Adnos<\/em> (1973-80).<\/p>\n\n\n\n<p>T\u00e9l\u00e9chargement : <a href=\"https:\/\/hal.science\/hal-03903270\" target=\"_blank\" rel=\"noreferrer noopener\">https:\/\/hal.science\/hal-03903270<\/a><\/p>\n\n\n\n<p><strong>R\u00e9sum\u00e9<\/strong><\/p>\n\n\n\n<p>La musique d\u2019\u00c9liane Radigue fait partie des \u0153uvres qui sont trop rarement analys\u00e9es. Les musicologues pr\u00e9f\u00e8rent g\u00e9n\u00e9ralement se concentrer sur les aspects exog\u00e8nes, sur les influences po\u00e9tiques ou sur les processus de cr\u00e9ation dans une dimension sociologique. L\u2019analyse de ses \u0153uvres est g\u00e9n\u00e9ralement consid\u00e9r\u00e9e comme un d\u00e9fi pour plusieurs raisons : l\u2019absence de support visuel \u00e9tant souvent \u00e9voqu\u00e9 comme un frein \u00e0 l\u2019analyse des \u0153uvres \u00e9lectroacoustiques, la temporalit\u00e9 des pi\u00e8ces de la compositrice en contradiction avec les m\u00e9thodes d\u2019analyse fond\u00e9es sur l\u2019extraction d\u2019unit\u00e9s sonores ou musicales, la forme globale semblant elle-m\u00eame difficile \u00e0 r\u00e9sumer sans perdre les d\u00e9tails qui constituent l\u2019essentiel du travail de cr\u00e9ation, ces m\u00eames d\u00e9tails \u2013 infimes variations du mat\u00e9riau \u2013 auxquels notre oreille est sensible apparaissant comme difficile \u00e0 d\u00e9crire ou encore la repr\u00e9sentation acoustique des d\u00e9tails du spectre tr\u00e8s d\u00e9licate \u00e0 r\u00e9aliser \u2013 la pr\u00e9cision des fr\u00e9quences et l\u2019infiniment petit des structures rythmiques semblant inconciliables. Toutefois, ces raisons peuvent aussi \u00eatre interpr\u00e9t\u00e9es comme les premi\u00e8res pistes menant \u00e0 l\u2019analyse musicale. Si l\u2019\u0153uvre d\u2019\u00c9liane Radigue s\u2019av\u00e8re difficile \u00e0 appr\u00e9hender avec des m\u00e9thodes d\u2019analyse les plus courantes, nous allons devoir chercher des outils plus adapt\u00e9s tant sur le plan th\u00e9orique que sur celui des technologies de repr\u00e9sentation. Avec l\u2019analyse des \u0153uvres \u00e9lectroacoustiques, les anciens mod\u00e8les sont peu fonctionnels, la musique de son n\u00e9cessite, plus que tout autre corpus, une exp\u00e9rimentation au niveau du spectre et une approche fond\u00e9e sur l\u2019analyse perceptive dans une d\u00e9marche avant tout empirique. De plus, l\u2019\u0153uvre \u00e9lectroacoustique s\u2019inscrit dans un espace d\u2019\u00e9coute, le compositeur \u00e9labore la pi\u00e8ce en fonction de sa propre perception, lors de chaque \u00e9coute se d\u00e9ploie une nouvelle version de l\u2019\u0153uvre dans un espace diff\u00e9rent, l\u2019analyse musicale n\u2019est donc qu\u2019une simple interpr\u00e9tation de l\u2019\u0153uvre parmi toutes les interpr\u00e9tations possibles. Dans cet article, je vais me concentrer sur l\u2019analyse de trois \u0153uvres formant un cycle, Adnos, compos\u00e9es par \u00c9liane Radigue entre 1973 et 1980. Les trois \u0153uvres utilisent le m\u00eame mat\u00e9riau cr\u00e9\u00e9 sur le synth\u00e9tiseur ARP 2500 fabriqu\u00e9 par la compagnie ARP Instruments durant la premi\u00e8re moiti\u00e9 des ann\u00e9es 1970. Le nom du cycle provient, d\u2019une part du latin \u00ab ad \u00bb \u2013 aller vers \u2013 et \u00ab nos \u00bb \u2013 nous \u2013 et, d\u2019autre part du grec \u00ab no\u00fbs \u00bb (\u03bd\u03bf\u1fe6\u03c2) qui d\u00e9signe pour la compositrice l\u2019\u00e9l\u00e9ment universel duquel tout provient (Radigue et Chatham, 2002, p. 3). Adnos signifierait alors pour \u00c9liane Radigue \u00ab aller vers l\u2019unit\u00e9 \u00bb ou \u00ab going toward the One \u00bb.<\/p>\n","protected":false},"excerpt":{"rendered":"<p>Vous trouverez sur HAL un de mes articles in\u00e9dits issu d&rsquo;une pr\u00e9sentation donn\u00e9e en 2016 \u00e0 Sorbonne Universit\u00e9 dans le cadre d&rsquo;une conf\u00e9rence sur la compositrice Eliane Radigue. J&rsquo;y analyse son cycle Adnos (1973-80). T\u00e9l\u00e9chargement : https:\/\/hal.science\/hal-03903270 R\u00e9sum\u00e9 La musique d\u2019\u00c9liane Radigue fait partie des \u0153uvres qui sont trop rarement analys\u00e9es. Les musicologues pr\u00e9f\u00e8rent g\u00e9n\u00e9ralement [&hellip;]<\/p>\n","protected":false},"author":1,"featured_media":2603,"comment_status":"closed","ping_status":"closed","sticky":false,"template":"","format":"standard","meta":{"ngg_post_thumbnail":0,"footnotes":""},"categories":[13,10],"tags":[],"class_list":["post-2602","post","type-post","status-publish","format-standard","has-post-thumbnail","hentry","category-publication","category-recherche"],"_links":{"self":[{"href":"https:\/\/www.pierrecouprie.fr\/index.php?rest_route=\/wp\/v2\/posts\/2602","targetHints":{"allow":["GET"]}}],"collection":[{"href":"https:\/\/www.pierrecouprie.fr\/index.php?rest_route=\/wp\/v2\/posts"}],"about":[{"href":"https:\/\/www.pierrecouprie.fr\/index.php?rest_route=\/wp\/v2\/types\/post"}],"author":[{"embeddable":true,"href":"https:\/\/www.pierrecouprie.fr\/index.php?rest_route=\/wp\/v2\/users\/1"}],"replies":[{"embeddable":true,"href":"https:\/\/www.pierrecouprie.fr\/index.php?rest_route=%2Fwp%2Fv2%2Fcomments&post=2602"}],"version-history":[{"count":4,"href":"https:\/\/www.pierrecouprie.fr\/index.php?rest_route=\/wp\/v2\/posts\/2602\/revisions"}],"predecessor-version":[{"id":2621,"href":"https:\/\/www.pierrecouprie.fr\/index.php?rest_route=\/wp\/v2\/posts\/2602\/revisions\/2621"}],"wp:featuredmedia":[{"embeddable":true,"href":"https:\/\/www.pierrecouprie.fr\/index.php?rest_route=\/wp\/v2\/media\/2603"}],"wp:attachment":[{"href":"https:\/\/www.pierrecouprie.fr\/index.php?rest_route=%2Fwp%2Fv2%2Fmedia&parent=2602"}],"wp:term":[{"taxonomy":"category","embeddable":true,"href":"https:\/\/www.pierrecouprie.fr\/index.php?rest_route=%2Fwp%2Fv2%2Fcategories&post=2602"},{"taxonomy":"post_tag","embeddable":true,"href":"https:\/\/www.pierrecouprie.fr\/index.php?rest_route=%2Fwp%2Fv2%2Ftags&post=2602"}],"curies":[{"name":"wp","href":"https:\/\/api.w.org\/{rel}","templated":true}]}}