{"id":2338,"date":"2020-06-26T14:47:57","date_gmt":"2020-06-26T12:47:57","guid":{"rendered":"http:\/\/www.pierrecouprie.fr\/?p=2338"},"modified":"2020-07-03T18:37:28","modified_gmt":"2020-07-03T16:37:28","slug":"analyser-limaginaire-dans-la-musique-electroacoustique-de-jean-claude-risset","status":"publish","type":"post","link":"https:\/\/www.pierrecouprie.fr\/?p=2338","title":{"rendered":"Analyser l\u2019imaginaire dans la musique \u00e9lectroacoustique de Jean-Claude Risset"},"content":{"rendered":"\n<p>Publi\u00e9 dans <strong><em>Mod\u00e8les naturels et sc\u00e9narios imaginaires<br>dans les \u0153uvres de Peter E\u00f6tv\u00f6s, Fran\u00e7ois-Bernard M\u00e2che et Jean-Claude Risset<\/em><\/strong>, Paris, Hermann, 2020<\/p>\n\n\n\n<p><a href=\"https:\/\/www.editions-hermann.fr\/livre\/9791037003225\">https:\/\/www.editions-hermann.fr\/livre\/9791037003225<\/a><\/p>\n\n\n\n<p>Malgr\u00e9 l\u2019absence manifeste de dialogue soutenu et d\u2019\u00e9changes prolong\u00e9s entre Peter E\u00f6tv\u00f6s, Fran\u00e7ois-Bernard M\u00e2che et Jean-Claude Risset, une \u00e9coute plus attentive de leurs \u0153uvres permet pourtant de d\u00e9celer certains traits musicaux qui les lient d\u2019une mani\u00e8re \u00e9vidente. Une partie de leur cr\u00e9ation est en effet plac\u00e9e sous le signe de la recherche de sonorit\u00e9s nouvelles et de cadres structurels inou\u00efs. Tous trois semblent manifester un penchant pour les r\u00e9f\u00e9rences extra-musicales, comme l&rsquo;utilisation de mod\u00e8les naturels, scientifiques ou encore litt\u00e9raires. Ils s\u2019int\u00e9ressent \u00e9galement \u00e0 la mise en valeur des langues et de la parole humaine (parfois en utilisant plusieurs langues dans une pi\u00e8ce, ou en convoquant des langues exotiques ou en voie de disparition). On trouve \u00e9galement le \u00ab&nbsp; codage \u00bb ou la \u00ab&nbsp; transposition \u00bb des donn\u00e9es d\u2019un texte, ou de l\u2019intonation d\u2019un texte parl\u00e9, dans plusieurs de leurs \u0153uvres. Le dernier aspect compositionnel important qui les relie est le th\u00e9\u00e2tre musical, le th\u00e9\u00e2tre instrumental ou le sc\u00e9nario musical imaginaire. Jean-Claude Risset parle souvent de \u00ab sc\u00e9nario sonore imaginaire \u00bb pour les \u0153uvres mixtes (<em>Du songe au son<\/em>, 2008). Les deux types de sons \u2013 acoustiques et \u00e9lectroniques \u2013 repr\u00e9sentent deux univers sonores distincts, et leur confrontation, leurs rapports cr\u00e9ent chaque fois une th\u00e9\u00e2tralit\u00e9 sonore ou une dramaturgie musicale consciemment \u00e9labor\u00e9e.<\/p>\n\n\n\n<p>Les quinze contributions de cet ouvrage mettent en valeur ces traits communs ou explorent ces aspects innovants de leur cr\u00e9ation musicale.<\/p>\n","protected":false},"excerpt":{"rendered":"<p>Publi\u00e9 dans Mod\u00e8les naturels et sc\u00e9narios imaginairesdans les \u0153uvres de Peter E\u00f6tv\u00f6s, Fran\u00e7ois-Bernard M\u00e2che et Jean-Claude Risset, Paris, Hermann, 2020 https:\/\/www.editions-hermann.fr\/livre\/9791037003225 Malgr\u00e9 l\u2019absence manifeste de dialogue soutenu et d\u2019\u00e9changes prolong\u00e9s entre Peter E\u00f6tv\u00f6s, Fran\u00e7ois-Bernard M\u00e2che et Jean-Claude Risset, une \u00e9coute plus attentive de leurs \u0153uvres permet pourtant de d\u00e9celer certains traits musicaux qui les lient [&hellip;]<\/p>\n","protected":false},"author":1,"featured_media":2356,"comment_status":"closed","ping_status":"closed","sticky":false,"template":"","format":"standard","meta":{"ngg_post_thumbnail":0,"footnotes":""},"categories":[13,10],"tags":[],"class_list":["post-2338","post","type-post","status-publish","format-standard","has-post-thumbnail","hentry","category-publication","category-recherche"],"_links":{"self":[{"href":"https:\/\/www.pierrecouprie.fr\/index.php?rest_route=\/wp\/v2\/posts\/2338","targetHints":{"allow":["GET"]}}],"collection":[{"href":"https:\/\/www.pierrecouprie.fr\/index.php?rest_route=\/wp\/v2\/posts"}],"about":[{"href":"https:\/\/www.pierrecouprie.fr\/index.php?rest_route=\/wp\/v2\/types\/post"}],"author":[{"embeddable":true,"href":"https:\/\/www.pierrecouprie.fr\/index.php?rest_route=\/wp\/v2\/users\/1"}],"replies":[{"embeddable":true,"href":"https:\/\/www.pierrecouprie.fr\/index.php?rest_route=%2Fwp%2Fv2%2Fcomments&post=2338"}],"version-history":[{"count":3,"href":"https:\/\/www.pierrecouprie.fr\/index.php?rest_route=\/wp\/v2\/posts\/2338\/revisions"}],"predecessor-version":[{"id":2341,"href":"https:\/\/www.pierrecouprie.fr\/index.php?rest_route=\/wp\/v2\/posts\/2338\/revisions\/2341"}],"wp:featuredmedia":[{"embeddable":true,"href":"https:\/\/www.pierrecouprie.fr\/index.php?rest_route=\/wp\/v2\/media\/2356"}],"wp:attachment":[{"href":"https:\/\/www.pierrecouprie.fr\/index.php?rest_route=%2Fwp%2Fv2%2Fmedia&parent=2338"}],"wp:term":[{"taxonomy":"category","embeddable":true,"href":"https:\/\/www.pierrecouprie.fr\/index.php?rest_route=%2Fwp%2Fv2%2Fcategories&post=2338"},{"taxonomy":"post_tag","embeddable":true,"href":"https:\/\/www.pierrecouprie.fr\/index.php?rest_route=%2Fwp%2Fv2%2Ftags&post=2338"}],"curies":[{"name":"wp","href":"https:\/\/api.w.org\/{rel}","templated":true}]}}