{"id":220,"date":"2011-08-01T20:04:55","date_gmt":"2011-08-01T18:04:55","guid":{"rendered":"http:\/\/www.pierrecouprie.fr\/?p=220"},"modified":"2011-09-01T12:50:27","modified_gmt":"2011-09-01T10:50:27","slug":"workshop-ianalyse-au-festival-musica-viva-de-lisbonne","status":"publish","type":"post","link":"https:\/\/www.pierrecouprie.fr\/?p=220","title":{"rendered":"Workshop iAnalyse au festival Musica Viva de Lisbonne"},"content":{"rendered":"<p>J&rsquo;animerai un atelier iAnalyse au festival Musica Viva de Lisbonne le 12 septembre 2011 \u00e0 14h30.<\/p>\n<p>Inscription obligatoire :\u00a0<a href=\"mailto:violeta@misomusic.com\">violeta@misomusic.com<\/a><\/p>\n<p><a href=\"http:\/\/www.misomusic.com\/index.php\/pt\/component\/content\/article\/103-musica-viva-2011-12-de-setembro\" target=\"_blank\">Renseignements<\/a><\/p>\n<p>iAnalyse \u00e9 um programa para a an\u00e1lise musical desenvolvido por Pierre Couprie e que oferece um conjunto de ferramentas para o trabalho\u00a0de pesquisa, permitindo tamb\u00e9m que professores e produtores\u00a0culturais produzam guias de escuta sob a forma de v\u00eddeos. Pierre Couprie\u00a0ir\u00e1 apresentar as principais caracter\u00edsticas do iAnalyse e demonstrar as suas amplas possibilidades a partir\u00a0de excertos de m\u00fasica e v\u00eddeo abarcando um repert\u00f3rio amplo que vai da m\u00fasica barroca \u00e0 contempor\u00e2nea, passando pelo jazz e pelas tradi\u00e7\u00f5es n\u00e3o ocidentais.<\/p>\n<p>Inscri\u00e7\u00e3o pr\u00e9via por telefone: 21 457 50 68\u00a0ou email:\u00a0<a href=\"mailto:violeta@misomusic.com\">violeta@misomusic.com<\/a><br \/>\nEntrada livre sujeita a inscri\u00e7\u00e3o pr\u00e9via<\/p>\n<p><a href=\"http:\/\/www.pierrecouprie.fr\/wp-content\/uploads\/2011\/02\/arton20.png\"><img loading=\"lazy\" decoding=\"async\" class=\"alignnone size-medium wp-image-168\" title=\"arton20\" src=\"http:\/\/www.pierrecouprie.fr\/wp-content\/uploads\/2011\/02\/arton20-300x172.png\" alt=\"\" width=\"300\" height=\"172\" srcset=\"https:\/\/www.pierrecouprie.fr\/wp-content\/uploads\/2011\/02\/arton20-300x172.png 300w, https:\/\/www.pierrecouprie.fr\/wp-content\/uploads\/2011\/02\/arton20-500x287.png 500w, https:\/\/www.pierrecouprie.fr\/wp-content\/uploads\/2011\/02\/arton20.png 708w\" sizes=\"auto, (max-width: 300px) 100vw, 300px\" \/><\/a><\/p>\n","protected":false},"excerpt":{"rendered":"<p>J&rsquo;animerai un atelier iAnalyse au festival Musica Viva de Lisbonne le 12 septembre 2011 \u00e0 14h30. Inscription obligatoire :\u00a0violeta@misomusic.com Renseignements iAnalyse \u00e9 um programa para a an\u00e1lise musical desenvolvido por Pierre Couprie e que oferece um conjunto de ferramentas para o trabalho\u00a0de pesquisa, permitindo tamb\u00e9m que professores e produtores\u00a0culturais produzam guias de escuta sob a [&hellip;]<\/p>\n","protected":false},"author":1,"featured_media":0,"comment_status":"closed","ping_status":"closed","sticky":false,"template":"","format":"standard","meta":{"ngg_post_thumbnail":0,"footnotes":""},"categories":[12,18,19,10],"tags":[],"class_list":["post-220","post","type-post","status-publish","format-standard","hentry","category-atelier","category-developpement","category-ianalyse","category-recherche"],"_links":{"self":[{"href":"https:\/\/www.pierrecouprie.fr\/index.php?rest_route=\/wp\/v2\/posts\/220","targetHints":{"allow":["GET"]}}],"collection":[{"href":"https:\/\/www.pierrecouprie.fr\/index.php?rest_route=\/wp\/v2\/posts"}],"about":[{"href":"https:\/\/www.pierrecouprie.fr\/index.php?rest_route=\/wp\/v2\/types\/post"}],"author":[{"embeddable":true,"href":"https:\/\/www.pierrecouprie.fr\/index.php?rest_route=\/wp\/v2\/users\/1"}],"replies":[{"embeddable":true,"href":"https:\/\/www.pierrecouprie.fr\/index.php?rest_route=%2Fwp%2Fv2%2Fcomments&post=220"}],"version-history":[{"count":6,"href":"https:\/\/www.pierrecouprie.fr\/index.php?rest_route=\/wp\/v2\/posts\/220\/revisions"}],"predecessor-version":[{"id":233,"href":"https:\/\/www.pierrecouprie.fr\/index.php?rest_route=\/wp\/v2\/posts\/220\/revisions\/233"}],"wp:attachment":[{"href":"https:\/\/www.pierrecouprie.fr\/index.php?rest_route=%2Fwp%2Fv2%2Fmedia&parent=220"}],"wp:term":[{"taxonomy":"category","embeddable":true,"href":"https:\/\/www.pierrecouprie.fr\/index.php?rest_route=%2Fwp%2Fv2%2Fcategories&post=220"},{"taxonomy":"post_tag","embeddable":true,"href":"https:\/\/www.pierrecouprie.fr\/index.php?rest_route=%2Fwp%2Fv2%2Ftags&post=220"}],"curies":[{"name":"wp","href":"https:\/\/api.w.org\/{rel}","templated":true}]}}