{"id":1142,"date":"2014-09-15T14:19:33","date_gmt":"2014-09-15T12:19:33","guid":{"rendered":"http:\/\/www.pierrecouprie.fr\/?p=1142"},"modified":"2014-09-28T19:15:33","modified_gmt":"2014-09-28T17:15:33","slug":"creation-analyse-interpretation","status":"publish","type":"post","link":"https:\/\/www.pierrecouprie.fr\/?p=1142","title":{"rendered":"Cr\u00e9ation, analyse &#038; technologie dans l\u2019improvisation \u00e9lectroacoustique"},"content":{"rendered":"<p><img loading=\"lazy\" decoding=\"async\" class=\"alignleft wp-image-1143 size-full\" src=\"http:\/\/www.pierrecouprie.fr\/wp-content\/uploads\/2014\/09\/journeesAecme.jpg\" alt=\"journeesAecme\" width=\"385\" height=\"260\" srcset=\"https:\/\/www.pierrecouprie.fr\/wp-content\/uploads\/2014\/09\/journeesAecme.jpg 385w, https:\/\/www.pierrecouprie.fr\/wp-content\/uploads\/2014\/09\/journeesAecme-300x202.jpg 300w\" sizes=\"auto, (max-width: 385px) 100vw, 385px\" \/>Participation \u00e0 la table ronde <strong><em>Les nouvelles technologies dans la cr\u00e9ation artistique<\/em> <\/strong>de la 14e \u00e9dition des journ\u00e9es nationales de la musique \u00e9lectroacoustique de l&rsquo;<a href=\"http:\/\/www.aecme.fr\" target=\"_blank\">AECME<\/a>.<\/p>\n<p>Lundi 29 septembre 2014 de 10h \u00e0 12h<br \/>\n34 Quai Saint Cosme 71100 Chalon-sur-Sa\u00f4ne<\/p>\n<p>Renseignements :\u00a0<a href=\"http:\/\/www.aecme.fr\" target=\"_blank\">http:\/\/www.aecme.fr<\/a><\/p>\n<p><strong>R\u00e9sum\u00e9<\/strong><\/p>\n<p>Depuis l\u2019origine, la recherche musicale a \u00e9t\u00e9 fond\u00e9e sur l\u2019id\u00e9e d\u2019interdisciplinarit\u00e9. Dans la pens\u00e9e de Schaeffer et des compositeurs-th\u00e9oriciens qui on suivi comme Schafer, Chion, Bayle, Smalley, Emmerson, la cr\u00e9ation musicale ne peut se passer d\u2019une r\u00e9flexion analytique portant, en amont du concert, sur le mat\u00e9riau, les techniques du compositeur, la technologie et, en aval, sur l\u2019\u0153uvre elle-m\u00eame. Depuis quelques ann\u00e9es, des musicologues se penchent de plus en plus sur l\u2019analyse de l\u2019interpr\u00e9tation et de la performance en incluant les dimensions technologiques et sociologiques. Ainsi, la musicologie appara\u00eet de plus en plus comme le point central de la recherche musicale et de l\u2019activit\u00e9 de cr\u00e9ation. C\u2019est cette dimension que j\u2019aimerais partager avec vous. Mes activit\u00e9s de musicien, de musicologue et de d\u00e9veloppeur informatique m\u2019ont confort\u00e9 tr\u00e8s t\u00f4t dans l\u2019id\u00e9e que la cr\u00e9ation et l\u2019analyse sont au centre de toute activit\u00e9 musicale, activit\u00e9 prise au sens large. La question sera alors de montrer comment la cr\u00e9ation et l\u2019analyse guident ma pratique et comment elles permettent de d\u00e9passer les nouvelles probl\u00e9matiques techniques engendr\u00e9es par le num\u00e9rique.<\/p>\n<p><iframe loading=\"lazy\" style=\"border: 1px solid #CCC; border-width: 1px; margin-bottom: 5px; max-width: 100%;\" src=\"\/\/www.slideshare.net\/slideshow\/embed_code\/39620916\" width=\"425\" height=\"355\" frameborder=\"0\" marginwidth=\"0\" marginheight=\"0\" scrolling=\"no\" allowfullscreen=\"allowfullscreen\"> <\/iframe><\/p>\n<div style=\"margin-bottom: 5px;\"><strong> <a title=\"Cr\u00e9ation, analyse, interpr\u00e9tation\" href=\"\/\/fr.slideshare.net\/pierrecouprie\/cration-analyse-interprtation-39620916\" target=\"_blank\">Cr\u00e9ation, analyse, interpr\u00e9tation<\/a> <\/strong> from <strong><a href=\"\/\/www.slideshare.net\/pierrecouprie\" target=\"_blank\">Pierre Couprie<\/a><\/strong><\/div>\n","protected":false},"excerpt":{"rendered":"<p>Participation \u00e0 la table ronde Les nouvelles technologies dans la cr\u00e9ation artistique de la 14e \u00e9dition des journ\u00e9es nationales de la musique \u00e9lectroacoustique de l&rsquo;AECME. Lundi 29 septembre 2014 de 10h \u00e0 12h 34 Quai Saint Cosme 71100 Chalon-sur-Sa\u00f4ne Renseignements :\u00a0http:\/\/www.aecme.fr R\u00e9sum\u00e9 Depuis l\u2019origine, la recherche musicale a \u00e9t\u00e9 fond\u00e9e sur l\u2019id\u00e9e d\u2019interdisciplinarit\u00e9. Dans la [&hellip;]<\/p>\n","protected":false},"author":1,"featured_media":0,"comment_status":"closed","ping_status":"closed","sticky":false,"template":"","format":"standard","meta":{"ngg_post_thumbnail":0,"footnotes":""},"categories":[11,10],"tags":[],"class_list":["post-1142","post","type-post","status-publish","format-standard","hentry","category-conference","category-recherche"],"_links":{"self":[{"href":"https:\/\/www.pierrecouprie.fr\/index.php?rest_route=\/wp\/v2\/posts\/1142","targetHints":{"allow":["GET"]}}],"collection":[{"href":"https:\/\/www.pierrecouprie.fr\/index.php?rest_route=\/wp\/v2\/posts"}],"about":[{"href":"https:\/\/www.pierrecouprie.fr\/index.php?rest_route=\/wp\/v2\/types\/post"}],"author":[{"embeddable":true,"href":"https:\/\/www.pierrecouprie.fr\/index.php?rest_route=\/wp\/v2\/users\/1"}],"replies":[{"embeddable":true,"href":"https:\/\/www.pierrecouprie.fr\/index.php?rest_route=%2Fwp%2Fv2%2Fcomments&post=1142"}],"version-history":[{"count":7,"href":"https:\/\/www.pierrecouprie.fr\/index.php?rest_route=\/wp\/v2\/posts\/1142\/revisions"}],"predecessor-version":[{"id":1164,"href":"https:\/\/www.pierrecouprie.fr\/index.php?rest_route=\/wp\/v2\/posts\/1142\/revisions\/1164"}],"wp:attachment":[{"href":"https:\/\/www.pierrecouprie.fr\/index.php?rest_route=%2Fwp%2Fv2%2Fmedia&parent=1142"}],"wp:term":[{"taxonomy":"category","embeddable":true,"href":"https:\/\/www.pierrecouprie.fr\/index.php?rest_route=%2Fwp%2Fv2%2Fcategories&post=1142"},{"taxonomy":"post_tag","embeddable":true,"href":"https:\/\/www.pierrecouprie.fr\/index.php?rest_route=%2Fwp%2Fv2%2Ftags&post=1142"}],"curies":[{"name":"wp","href":"https:\/\/api.w.org\/{rel}","templated":true}]}}