{"id":89,"date":"2010-05-30T11:43:43","date_gmt":"2010-05-30T09:43:43","guid":{"rendered":"http:\/\/www.pierrecouprie.fr\/wp\/?p=89"},"modified":"2011-07-18T08:19:48","modified_gmt":"2011-07-18T06:19:48","slug":"vertiges-de-limage","status":"publish","type":"post","link":"http:\/\/www.pierrecouprie.fr\/?p=89","title":{"rendered":"Vertiges de l&rsquo;image"},"content":{"rendered":"<p>Avec\u00a0<a href=\"http:\/\/phonogenistes.free.fr\/article.php3?id_article=11\">Les Phonog\u00e9nistes,<\/a> je serai en concert le 18 mai 2010 \u00e0 20h30 \u00e0 l&rsquo;Universit\u00e9 de Rennes dans le cadre des Journ\u00e9es d&rsquo;Informatique Musicale<\/p>\n<p><a href=\"http:\/\/jim.afim-asso.org\/ocs\/index.php\/jims\/jim10\/announcement\/view\/8?OCSSID=981db8934fb556b0c19b13af6711cdeb\">Renseignements<\/a><\/p>\n<p><a href=\"http:\/\/www.pierrecouprie.fr\/wp-content\/uploads\/2010\/05\/pageHeaderLogoImage_fr_CA.jpg.png\"><img loading=\"lazy\" decoding=\"async\" class=\"alignnone size-full wp-image-129\" title=\"pageHeaderLogoImage_fr_CA.jpg\" src=\"http:\/\/www.pierrecouprie.fr\/wp-content\/uploads\/2010\/05\/pageHeaderLogoImage_fr_CA.jpg.png\" alt=\"\" width=\"222\" height=\"96\" \/><\/a><\/p>\n<p>&nbsp;<\/p>\n","protected":false},"excerpt":{"rendered":"<p>Avec\u00a0Les Phonog\u00e9nistes, je serai en concert le 18 mai 2010 \u00e0 20h30 \u00e0 l&rsquo;Universit\u00e9 de Rennes dans le cadre des Journ\u00e9es d&rsquo;Informatique Musicale Renseignements &nbsp;<\/p>\n","protected":false},"author":1,"featured_media":0,"comment_status":"closed","ping_status":"closed","sticky":false,"template":"","format":"standard","meta":{"ngg_post_thumbnail":0,"footnotes":""},"categories":[15,14],"tags":[],"class_list":["post-89","post","type-post","status-publish","format-standard","hentry","category-concert","category-musique"],"_links":{"self":[{"href":"http:\/\/www.pierrecouprie.fr\/index.php?rest_route=\/wp\/v2\/posts\/89","targetHints":{"allow":["GET"]}}],"collection":[{"href":"http:\/\/www.pierrecouprie.fr\/index.php?rest_route=\/wp\/v2\/posts"}],"about":[{"href":"http:\/\/www.pierrecouprie.fr\/index.php?rest_route=\/wp\/v2\/types\/post"}],"author":[{"embeddable":true,"href":"http:\/\/www.pierrecouprie.fr\/index.php?rest_route=\/wp\/v2\/users\/1"}],"replies":[{"embeddable":true,"href":"http:\/\/www.pierrecouprie.fr\/index.php?rest_route=%2Fwp%2Fv2%2Fcomments&post=89"}],"version-history":[{"count":3,"href":"http:\/\/www.pierrecouprie.fr\/index.php?rest_route=\/wp\/v2\/posts\/89\/revisions"}],"predecessor-version":[{"id":208,"href":"http:\/\/www.pierrecouprie.fr\/index.php?rest_route=\/wp\/v2\/posts\/89\/revisions\/208"}],"wp:attachment":[{"href":"http:\/\/www.pierrecouprie.fr\/index.php?rest_route=%2Fwp%2Fv2%2Fmedia&parent=89"}],"wp:term":[{"taxonomy":"category","embeddable":true,"href":"http:\/\/www.pierrecouprie.fr\/index.php?rest_route=%2Fwp%2Fv2%2Fcategories&post=89"},{"taxonomy":"post_tag","embeddable":true,"href":"http:\/\/www.pierrecouprie.fr\/index.php?rest_route=%2Fwp%2Fv2%2Ftags&post=89"}],"curies":[{"name":"wp","href":"https:\/\/api.w.org\/{rel}","templated":true}]}}