{"id":524,"date":"2012-06-23T20:09:41","date_gmt":"2012-06-23T18:09:41","guid":{"rendered":"http:\/\/www.pierrecouprie.fr\/?p=524"},"modified":"2012-06-23T20:09:55","modified_gmt":"2012-06-23T18:09:55","slug":"vertiges-de-limage-a-paris","status":"publish","type":"post","link":"http:\/\/www.pierrecouprie.fr\/?p=524","title":{"rendered":"Vertiges de l&rsquo;image \u00e0 Paris"},"content":{"rendered":"<p>La prochaine performance de\u00a0<em>Vertiges de l\u2019image<\/em>\u00a0aura lieu aux Voutes (Paris) le 3 juillet 2012 \u00e0 20h30.<\/p>\n<p><a href=\"http:\/\/www.pierrecouprie.fr\/wp-content\/uploads\/2011\/07\/L1010560-800.jpg\"><img loading=\"lazy\" decoding=\"async\" class=\"alignnone  wp-image-218\" title=\"L1010560-800\" src=\"http:\/\/www.pierrecouprie.fr\/wp-content\/uploads\/2011\/07\/L1010560-800.jpg\" alt=\"\" width=\"480\" height=\"360\" srcset=\"http:\/\/www.pierrecouprie.fr\/wp-content\/uploads\/2011\/07\/L1010560-800.jpg 800w, http:\/\/www.pierrecouprie.fr\/wp-content\/uploads\/2011\/07\/L1010560-800-300x225.jpg 300w, http:\/\/www.pierrecouprie.fr\/wp-content\/uploads\/2011\/07\/L1010560-800-500x375.jpg 500w\" sizes=\"auto, (max-width: 480px) 100vw, 480px\" \/><\/a><\/p>\n<p>Musique \u00e9lectroacoustique improvis\u00e9e : \u00a0Laurence Bouckaert, Pierre Couprie, Francis Larvor<br \/>\nImprovisation vid\u00e9o : \u00a0Ant\u00f3nio de\u00a0Sousa Dias<\/p>\n<p>Les Voutes,\u00a019 Rue Frigos, 75013 Paris<br \/>\nM\u00e9tro : Biblioth\u00e8que Fran\u00e7ois Mitterrand ou Quai de la gare<\/p>\n<p><iframe loading=\"lazy\" src=\"https:\/\/maps.google.fr\/maps?client=safari&amp;oe=UTF-8&amp;ie=UTF8&amp;q=les+voutes&amp;fb=1&amp;gl=fr&amp;hq=les+voutes&amp;hnear=0x47e66e1f06e2b70f:0x40b82c3688c9460,Paris&amp;cid=0,0,5029392359860513100&amp;t=m&amp;iwloc=A&amp;ll=48.831563,2.379151&amp;spn=0.006295,0.006295&amp;output=embed\" frameborder=\"0\" marginwidth=\"0\" marginheight=\"0\" scrolling=\"no\" width=\"425\" height=\"350\"><\/iframe><br \/>\n<small><a style=\"color: #0000ff; text-align: left;\" href=\"https:\/\/maps.google.fr\/maps?client=safari&amp;oe=UTF-8&amp;ie=UTF8&amp;q=les+voutes&amp;fb=1&amp;gl=fr&amp;hq=les+voutes&amp;hnear=0x47e66e1f06e2b70f:0x40b82c3688c9460,Paris&amp;cid=0,0,5029392359860513100&amp;t=m&amp;iwloc=A&amp;ll=48.831563,2.379151&amp;spn=0.006295,0.006295&amp;source=embed\">Agrandir le plan<\/a><\/small><\/p>\n","protected":false},"excerpt":{"rendered":"<p>La prochaine performance de\u00a0Vertiges de l\u2019image\u00a0aura lieu aux Voutes (Paris) le 3 juillet 2012 \u00e0 20h30. Musique \u00e9lectroacoustique improvis\u00e9e : \u00a0Laurence Bouckaert, Pierre Couprie, Francis Larvor Improvisation vid\u00e9o : \u00a0Ant\u00f3nio de\u00a0Sousa Dias Les Voutes,\u00a019 Rue Frigos, 75013 Paris M\u00e9tro : Biblioth\u00e8que Fran\u00e7ois Mitterrand ou Quai de la gare Agrandir le plan<\/p>\n","protected":false},"author":1,"featured_media":0,"comment_status":"closed","ping_status":"open","sticky":false,"template":"","format":"standard","meta":{"ngg_post_thumbnail":0,"footnotes":""},"categories":[15,14],"tags":[],"class_list":["post-524","post","type-post","status-publish","format-standard","hentry","category-concert","category-musique"],"_links":{"self":[{"href":"http:\/\/www.pierrecouprie.fr\/index.php?rest_route=\/wp\/v2\/posts\/524","targetHints":{"allow":["GET"]}}],"collection":[{"href":"http:\/\/www.pierrecouprie.fr\/index.php?rest_route=\/wp\/v2\/posts"}],"about":[{"href":"http:\/\/www.pierrecouprie.fr\/index.php?rest_route=\/wp\/v2\/types\/post"}],"author":[{"embeddable":true,"href":"http:\/\/www.pierrecouprie.fr\/index.php?rest_route=\/wp\/v2\/users\/1"}],"replies":[{"embeddable":true,"href":"http:\/\/www.pierrecouprie.fr\/index.php?rest_route=%2Fwp%2Fv2%2Fcomments&post=524"}],"version-history":[{"count":3,"href":"http:\/\/www.pierrecouprie.fr\/index.php?rest_route=\/wp\/v2\/posts\/524\/revisions"}],"predecessor-version":[{"id":527,"href":"http:\/\/www.pierrecouprie.fr\/index.php?rest_route=\/wp\/v2\/posts\/524\/revisions\/527"}],"wp:attachment":[{"href":"http:\/\/www.pierrecouprie.fr\/index.php?rest_route=%2Fwp%2Fv2%2Fmedia&parent=524"}],"wp:term":[{"taxonomy":"category","embeddable":true,"href":"http:\/\/www.pierrecouprie.fr\/index.php?rest_route=%2Fwp%2Fv2%2Fcategories&post=524"},{"taxonomy":"post_tag","embeddable":true,"href":"http:\/\/www.pierrecouprie.fr\/index.php?rest_route=%2Fwp%2Fv2%2Ftags&post=524"}],"curies":[{"name":"wp","href":"https:\/\/api.w.org\/{rel}","templated":true}]}}