{"id":443,"date":"2012-07-12T08:03:28","date_gmt":"2012-07-12T06:03:28","guid":{"rendered":"http:\/\/www.pierrecouprie.fr\/?p=443"},"modified":"2012-07-12T20:03:39","modified_gmt":"2012-07-12T18:03:39","slug":"rencontres-tempora-a-cenon-bordeaux","status":"publish","type":"post","link":"http:\/\/www.pierrecouprie.fr\/?p=443","title":{"rendered":"Rencontres Temp\u2019\u00f3ra \u00e0 Cenon (Bordeaux)"},"content":{"rendered":"<p><a href=\"http:\/\/www.pierrecouprie.fr\/wp-content\/uploads\/2012\/04\/arton2.jpg\"><img loading=\"lazy\" decoding=\"async\" class=\"alignleft size-thumbnail wp-image-445\" style=\"margin: 5px;\" title=\"arton2\" src=\"http:\/\/www.pierrecouprie.fr\/wp-content\/uploads\/2012\/04\/arton2-150x150.jpg\" alt=\"\" width=\"150\" height=\"150\" \/><\/a>Du 28 au 30 ao\u00fbt 2012, temp\u2019\u00f3ra organise une rencontre-atelier au\u00a0<a href=\"http:\/\/lerocherdepalmer.fr\/\" target=\"_blank\">Rocher de Palmer<\/a>\u00a0 Cenon, pr\u00e8s de Bordeaux. Sont invit\u00e9s \u00e0 y participer tous les membres de temp\u2019\u00f3ra ainsi que les musiciens d\u00e9sireux de cr\u00e9er de nouveaux projets d\u2019\u00e9changes internationaux \u00e0 travers la composition, l\u2019improvisation et l\u2019interpr\u00e9tation de la musique de notre temps. Des artistes d\u2019autres disciplines sont invit\u00e9s \u00e0 se joindre \u00e0 cette rencontre pour initier un dialogue transdisciplinaire original.<\/p>\n<h2><strong>Le contenu artistique<\/strong><\/h2>\n<p>La rencontre doit amener les musiciens \u00e0 envisager des \u00e9changes artistiques divers, que ce soit par le travail approfondi d\u2019une partition (entre des interpr\u00e8tes et un compositeur), la lecture de partitions in\u00e9dites propos\u00e9es par des compositeurs \u00e0 des interpr\u00e8tes, des s\u00e9ances d\u2019improvisation ou des s\u00e9ances de pr\u00e9sentation instrumentale ou \u00e9lectroacoustique (nouvelles techniques, nouveaux logiciels, etc.). Elle est donc initialement propos\u00e9e pour amorcer de nouvelles collaborations ou l\u2019approfondissement de collaborations d\u00e9j\u00e0 entam\u00e9es.<\/p>\n<p>Elle peut \u00e9galement avoir pour but d\u2019amener de nouvelles personnalit\u00e9s musicales (\u00e9tudiants ou professionnels) \u00e0 s\u2019int\u00e9resser au type de musique propos\u00e9e pendant la rencontre. Aussi public et musiciens sont-ils invit\u00e9s \u00e0 assister \u00e0 ces ateliers ou conf\u00e9rences d\u2019acc\u00e8s libre, selon un agenda pr\u00e9d\u00e9fini.<\/p>\n<p>La collaboration avec d\u2019autres disciplines artistiques est cens\u00e9e initier des projets impromptus, ou pr\u00e9par\u00e9s \u00e0 l\u2019avance\u00a0: les musiciens peuvent susciter le d\u00e9sir de cr\u00e9ation d\u2019artistes d\u2019autres disciplines, ou vice versa. Les artistes des arts visuels, les danseurs ou les artistes des spectacles de rue sont donc invit\u00e9s \u00e0 proposer leur candidature.<\/p>\n<p>Il est pr\u00e9vu que la rencontre se termine le jeudi 30 ao\u00fbt par une pr\u00e9sentation publique, sous forme d\u2019un parcours musical \u00e0 travers les diff\u00e9rents lieux d\u2019accueil du Rocher de Palmer.\u00a0<em>En aucun cas les artistes ne seront r\u00e9mun\u00e9r\u00e9s pour cette pr\u00e9sentation.<\/em><\/p>\n<p>Je participerai \u00e0 cette rencontre avec <a href=\"http:\/\/www.phonogenistes.fr\" target=\"_blank\">Les Phonog\u00e9nistes<\/a>\u00a0(Laurence Bouckaert, Francis Larvor) et Ant\u00f3nio de Sousa Dias.<\/p>\n<p>Renseignements : <a href=\"http:\/\/www.tempora-site.org\/spip.php?rubrique97\" target=\"_blank\">http:\/\/www.tempora-site.org\/spip.php?rubrique97<\/a><\/p>\n","protected":false},"excerpt":{"rendered":"<p>Du 28 au 30 ao\u00fbt 2012, temp\u2019\u00f3ra organise une rencontre-atelier au\u00a0Rocher de Palmer\u00a0 Cenon, pr\u00e8s de Bordeaux. Sont invit\u00e9s \u00e0 y participer tous les membres de temp\u2019\u00f3ra ainsi que les musiciens d\u00e9sireux de cr\u00e9er de nouveaux projets d\u2019\u00e9changes internationaux \u00e0 travers la composition, l\u2019improvisation et l\u2019interpr\u00e9tation de la musique de notre temps. Des artistes d\u2019autres [&hellip;]<\/p>\n","protected":false},"author":1,"featured_media":0,"comment_status":"closed","ping_status":"closed","sticky":false,"template":"","format":"standard","meta":{"ngg_post_thumbnail":0,"footnotes":""},"categories":[17,15,14,1],"tags":[],"class_list":["post-443","post","type-post","status-publish","format-standard","hentry","category-actualite-artistique","category-concert","category-musique","category-non-classe"],"_links":{"self":[{"href":"http:\/\/www.pierrecouprie.fr\/index.php?rest_route=\/wp\/v2\/posts\/443","targetHints":{"allow":["GET"]}}],"collection":[{"href":"http:\/\/www.pierrecouprie.fr\/index.php?rest_route=\/wp\/v2\/posts"}],"about":[{"href":"http:\/\/www.pierrecouprie.fr\/index.php?rest_route=\/wp\/v2\/types\/post"}],"author":[{"embeddable":true,"href":"http:\/\/www.pierrecouprie.fr\/index.php?rest_route=\/wp\/v2\/users\/1"}],"replies":[{"embeddable":true,"href":"http:\/\/www.pierrecouprie.fr\/index.php?rest_route=%2Fwp%2Fv2%2Fcomments&post=443"}],"version-history":[{"count":11,"href":"http:\/\/www.pierrecouprie.fr\/index.php?rest_route=\/wp\/v2\/posts\/443\/revisions"}],"predecessor-version":[{"id":521,"href":"http:\/\/www.pierrecouprie.fr\/index.php?rest_route=\/wp\/v2\/posts\/443\/revisions\/521"}],"wp:attachment":[{"href":"http:\/\/www.pierrecouprie.fr\/index.php?rest_route=%2Fwp%2Fv2%2Fmedia&parent=443"}],"wp:term":[{"taxonomy":"category","embeddable":true,"href":"http:\/\/www.pierrecouprie.fr\/index.php?rest_route=%2Fwp%2Fv2%2Fcategories&post=443"},{"taxonomy":"post_tag","embeddable":true,"href":"http:\/\/www.pierrecouprie.fr\/index.php?rest_route=%2Fwp%2Fv2%2Ftags&post=443"}],"curies":[{"name":"wp","href":"https:\/\/api.w.org\/{rel}","templated":true}]}}