{"id":2875,"date":"2024-11-30T05:28:59","date_gmt":"2024-11-30T04:28:59","guid":{"rendered":"https:\/\/www.pierrecouprie.fr\/?p=2875"},"modified":"2025-03-15T20:52:52","modified_gmt":"2025-03-15T19:52:52","slug":"ecoacoustique-electroacoustique-analyse-representations-creation-mediation","status":"publish","type":"post","link":"http:\/\/www.pierrecouprie.fr\/?p=2875","title":{"rendered":"Ecoacoustique \/ \u00e9lectroacoustique : analyse, repr\u00e9sentations, cr\u00e9ation, m\u00e9diation"},"content":{"rendered":"\n<p><em>Colloque est organis\u00e9 par le laboratoire ECLLA en partenariat avec le Mus\u00e9um National d\u2019Histoire Naturelle, l\u2019\u00e9quipe de Neuro-Ethologie Sensorielle (ENES) et le Centre d\u2019histoire culturelle des soci\u00e9t\u00e9s contemporaines (CHCSC)<\/em><\/p>\n\n\n\n<p>29-30 janvier 2025 &#8211;&nbsp;Universit\u00e9 Jean Monnet (Saint-Etienne)<\/p>\n\n\n\n<p>Programme et informations : <a href=\"https:\/\/musinf.univ-st-etienne.fr\/recherches\/ecologie_sonore\/colloque_eco_electro_prg.html\">https:\/\/musinf.univ-st-etienne.fr\/recherches\/ecologie_sonore\/colloque_eco_electro_prg.html<\/a><\/p>\n\n\n\n<p>Depuis les ann\u00e9es 1950, les compositrices et les compositeurs de&nbsp;<strong>musique \u00e9lectroacoustique<\/strong>&nbsp;ont cr\u00e9\u00e9 des \u0153uvres \u00e0 partir de sons provenant de sources vari\u00e9es, tels que les sons de la nature ou ceux des mondes urbains ou industriels. Pour manipuler et transformer ces sons, ils et elles ont d\u00e9velopp\u00e9 de nouveaux outils de traitement du signal. Les musicologues ont par la suite cherch\u00e9 des moyens techniques permettant d\u2019\u00e9tudier ces nouvelles \u0153uvres musicales, sans partitions, ces musiques faites de sons et non plus de notes.&nbsp;<strong>Pierre Schaeffer<\/strong>, pionnier de la musique concr\u00e8te[1], a tent\u00e9, d\u00e8s les ann\u00e9es 1950, de d\u00e9crire les qualit\u00e9s du son. Les acousticien.nes ont mis au point des outils pour le repr\u00e9senter graphiquement, pour analyser des sons instrumentaux et comprendre leur perception par l\u2019\u00eatre humain. Aujourd\u2019hui, un ensemble de descripteurs permet d\u2019effectuer des mesures sur des sons complexes en tenant compte de la perception humaine.<\/p>\n\n\n\n<p>En parall\u00e8le, des chercheur.euses se sont pench\u00e9.es sur les environnements sonores qui nous entourent afin d\u2019\u00e9tudier les effets sur notre histoire et sur nos comportements.&nbsp;<strong>Raymond Murray Schafer<\/strong>&nbsp;en est le pionnier.<\/p>\n\n\n\n<p>Avec son ouvrage \u00ab The Tuning of the World[3] \u00bb, Murray Schafer a introduit le terme de&nbsp;<strong>paysage sonore<\/strong>, en faisant r\u00e9f\u00e9rence \u00e0 la fois \u00e0 des environnements sonores r\u00e9els, observables dans la nature ou dans tout autre type de lieu, ou \u00e0 des compositions musicales r\u00e9alis\u00e9es avec une certaine intention.<\/p>\n\n\n\n<p>Dans son article sur \u00ab\u00a0Le r\u00e9alisme en musique\u00a0\u00bb paru en 1960,&nbsp;<strong>Fran\u00e7ois-Bernard M\u00e2che<\/strong>&nbsp;indiquait que \u00ab les significations anecdotiques des sons bruts ne sont pas un obstacle infranchissable \u00e0 leur utilisation musicale \u00bb, et il proposait \u00ab de cr\u00e9er un art de&nbsp;<strong>phonographies<\/strong>&nbsp;r\u00e9alistes \u00bb, un art \u00ab o\u00f9 des \u00e9l\u00e9ments sonores quelconques, enregistr\u00e9s avec la plus grande fid\u00e9lit\u00e9, seraient assembl\u00e9s, avec le moins possible de d\u00e9coupages, en fonction de crit\u00e8res musicaux et \u00e0 l&rsquo;exclusion de toute intention \u00e9vocatrice, pittoresque ou dramatique. \u00bb<\/p>\n\n\n\n<p>Les chercheur.euses en&nbsp;<strong>bioacoustique<\/strong>&nbsp;s\u2019int\u00e9ressent depuis des d\u00e9cennies \u00e0 l\u2019\u00e9tude des sons de la nature. Mais cette discipline a \u00e9volu\u00e9.<\/p>\n\n\n\n<p>En mai 2024, Ad\u00e8le de Baudouin a soutenu une th\u00e8se de doctorat, une recherche transdisciplinaire sur l\u2019\u00e9tude des paysages sonores, combinant des outils et des m\u00e9thodes d\u2019<strong>\u00e9co-acoustique<\/strong>&nbsp;et d\u2019\u00e9lectroacoustique. Son projet a mis en \u00e9vidence les similitudes et les compl\u00e9mentarit\u00e9s des chercheurs.ses des deux disciplines. De plus, il a d\u00e9montr\u00e9 l\u2019importance des \u00e9changes d\u2019informations gr\u00e2ce aux expertises d\u00e9velopp\u00e9es par chacun dans leur sp\u00e9cialit\u00e9.<\/p>\n\n\n\n<p>L\u2019objectif de ce colloque est donc de prolonger ces collaborations \u00e0 travers des conf\u00e9rences et des ateliers pour partager des m\u00e9thodes de recherche et encourager de futures collaborations entre ces disciplines.<\/p>\n","protected":false},"excerpt":{"rendered":"<p>Colloque est organis\u00e9 par le laboratoire ECLLA en partenariat avec le Mus\u00e9um National d\u2019Histoire Naturelle, l\u2019\u00e9quipe de Neuro-Ethologie Sensorielle (ENES) et le Centre d\u2019histoire culturelle des soci\u00e9t\u00e9s contemporaines (CHCSC) 29-30 janvier 2025 &#8211;&nbsp;Universit\u00e9 Jean Monnet (Saint-Etienne) Programme et informations : https:\/\/musinf.univ-st-etienne.fr\/recherches\/ecologie_sonore\/colloque_eco_electro_prg.html Depuis les ann\u00e9es 1950, les compositrices et les compositeurs de&nbsp;musique \u00e9lectroacoustique&nbsp;ont cr\u00e9\u00e9 des \u0153uvres [&hellip;]<\/p>\n","protected":false},"author":1,"featured_media":2876,"comment_status":"closed","ping_status":"closed","sticky":false,"template":"","format":"standard","meta":{"ngg_post_thumbnail":0,"footnotes":""},"categories":[11,10],"tags":[],"class_list":["post-2875","post","type-post","status-publish","format-standard","has-post-thumbnail","hentry","category-conference","category-recherche"],"_links":{"self":[{"href":"http:\/\/www.pierrecouprie.fr\/index.php?rest_route=\/wp\/v2\/posts\/2875","targetHints":{"allow":["GET"]}}],"collection":[{"href":"http:\/\/www.pierrecouprie.fr\/index.php?rest_route=\/wp\/v2\/posts"}],"about":[{"href":"http:\/\/www.pierrecouprie.fr\/index.php?rest_route=\/wp\/v2\/types\/post"}],"author":[{"embeddable":true,"href":"http:\/\/www.pierrecouprie.fr\/index.php?rest_route=\/wp\/v2\/users\/1"}],"replies":[{"embeddable":true,"href":"http:\/\/www.pierrecouprie.fr\/index.php?rest_route=%2Fwp%2Fv2%2Fcomments&post=2875"}],"version-history":[{"count":2,"href":"http:\/\/www.pierrecouprie.fr\/index.php?rest_route=\/wp\/v2\/posts\/2875\/revisions"}],"predecessor-version":[{"id":2893,"href":"http:\/\/www.pierrecouprie.fr\/index.php?rest_route=\/wp\/v2\/posts\/2875\/revisions\/2893"}],"wp:featuredmedia":[{"embeddable":true,"href":"http:\/\/www.pierrecouprie.fr\/index.php?rest_route=\/wp\/v2\/media\/2876"}],"wp:attachment":[{"href":"http:\/\/www.pierrecouprie.fr\/index.php?rest_route=%2Fwp%2Fv2%2Fmedia&parent=2875"}],"wp:term":[{"taxonomy":"category","embeddable":true,"href":"http:\/\/www.pierrecouprie.fr\/index.php?rest_route=%2Fwp%2Fv2%2Fcategories&post=2875"},{"taxonomy":"post_tag","embeddable":true,"href":"http:\/\/www.pierrecouprie.fr\/index.php?rest_route=%2Fwp%2Fv2%2Ftags&post=2875"}],"curies":[{"name":"wp","href":"https:\/\/api.w.org\/{rel}","templated":true}]}}