{"id":2757,"date":"2023-11-13T12:26:27","date_gmt":"2023-11-13T11:26:27","guid":{"rendered":"http:\/\/www.pierrecouprie.fr\/?p=2757"},"modified":"2024-02-17T20:08:58","modified_gmt":"2024-02-17T19:08:58","slug":"le-geste-dans-la-musique-mixte-a-lere-des-pratiques-hybrides","status":"publish","type":"post","link":"http:\/\/www.pierrecouprie.fr\/?p=2757","title":{"rendered":"Le geste dans la musique mixte \u00e0 l\u2019\u00e8re des pratiques hybrides"},"content":{"rendered":"\n<p>Conf\u00e9rence dans le cadre du colloque Penser Composer Enseigner la musique mixte<\/p>\n\n\n\n<p>Le 24 novembre 2023 de 9h30 \u00e0 18h30<\/p>\n\n\n\n<p>Biblioth\u00e8que Nationale de France, salle 70, <a href=\"https:\/\/www.iremus.cnrs.fr\/fr\/evenements\/penser-composer-et-enseigner-la-musique-mixte\" data-type=\"link\" data-id=\"https:\/\/www.iremus.cnrs.fr\/fr\/evenements\/penser-composer-et-enseigner-la-musique-mixte\">renseignements<\/a><\/p>\n","protected":false},"excerpt":{"rendered":"<p>Conf\u00e9rence dans le cadre du colloque Penser Composer Enseigner la musique mixte Le 24 novembre 2023 de 9h30 \u00e0 18h30 Biblioth\u00e8que Nationale de France, salle 70, renseignements<\/p>\n","protected":false},"author":1,"featured_media":2758,"comment_status":"closed","ping_status":"closed","sticky":false,"template":"","format":"standard","meta":{"ngg_post_thumbnail":0,"footnotes":""},"categories":[11,10],"tags":[],"class_list":["post-2757","post","type-post","status-publish","format-standard","has-post-thumbnail","hentry","category-conference","category-recherche"],"_links":{"self":[{"href":"http:\/\/www.pierrecouprie.fr\/index.php?rest_route=\/wp\/v2\/posts\/2757","targetHints":{"allow":["GET"]}}],"collection":[{"href":"http:\/\/www.pierrecouprie.fr\/index.php?rest_route=\/wp\/v2\/posts"}],"about":[{"href":"http:\/\/www.pierrecouprie.fr\/index.php?rest_route=\/wp\/v2\/types\/post"}],"author":[{"embeddable":true,"href":"http:\/\/www.pierrecouprie.fr\/index.php?rest_route=\/wp\/v2\/users\/1"}],"replies":[{"embeddable":true,"href":"http:\/\/www.pierrecouprie.fr\/index.php?rest_route=%2Fwp%2Fv2%2Fcomments&post=2757"}],"version-history":[{"count":2,"href":"http:\/\/www.pierrecouprie.fr\/index.php?rest_route=\/wp\/v2\/posts\/2757\/revisions"}],"predecessor-version":[{"id":2793,"href":"http:\/\/www.pierrecouprie.fr\/index.php?rest_route=\/wp\/v2\/posts\/2757\/revisions\/2793"}],"wp:featuredmedia":[{"embeddable":true,"href":"http:\/\/www.pierrecouprie.fr\/index.php?rest_route=\/wp\/v2\/media\/2758"}],"wp:attachment":[{"href":"http:\/\/www.pierrecouprie.fr\/index.php?rest_route=%2Fwp%2Fv2%2Fmedia&parent=2757"}],"wp:term":[{"taxonomy":"category","embeddable":true,"href":"http:\/\/www.pierrecouprie.fr\/index.php?rest_route=%2Fwp%2Fv2%2Fcategories&post=2757"},{"taxonomy":"post_tag","embeddable":true,"href":"http:\/\/www.pierrecouprie.fr\/index.php?rest_route=%2Fwp%2Fv2%2Ftags&post=2757"}],"curies":[{"name":"wp","href":"https:\/\/api.w.org\/{rel}","templated":true}]}}