{"id":2748,"date":"2023-10-19T22:51:13","date_gmt":"2023-10-19T20:51:13","guid":{"rendered":"http:\/\/www.pierrecouprie.fr\/?p=2748"},"modified":"2023-11-13T12:28:53","modified_gmt":"2023-11-13T11:28:53","slug":"les-musiques-electroniques-sur-fpp-dans-fleche-sensible","status":"publish","type":"post","link":"http:\/\/www.pierrecouprie.fr\/?p=2748","title":{"rendered":"Les musiques \u00e9lectroniques sur FPP dans Fl\u00e8che sensible"},"content":{"rendered":"\n<p>J&rsquo;ai eu le grand plaisir d&rsquo;\u00eatre l&rsquo;invit\u00e9 de Jeff Lagoutte sur FPP dans son \u00e9mission Fl\u00e8che sensible. A \u00e9couter sans mod\u00e9ration !<\/p>\n\n\n\n<figure class=\"wp-block-embed is-type-video is-provider-youtube wp-block-embed-youtube wp-embed-aspect-16-9 wp-has-aspect-ratio\"><div class=\"wp-block-embed__wrapper\">\n<iframe loading=\"lazy\" title=\"Pierre Couprie Fl\u00e8che sensible\" width=\"940\" height=\"529\" src=\"https:\/\/www.youtube.com\/embed\/ZIw3vsBtNd0?feature=oembed\" frameborder=\"0\" allow=\"accelerometer; autoplay; clipboard-write; encrypted-media; gyroscope; picture-in-picture; web-share\" allowfullscreen><\/iframe>\n<\/div><\/figure>\n","protected":false},"excerpt":{"rendered":"<p>J&rsquo;ai eu le grand plaisir d&rsquo;\u00eatre l&rsquo;invit\u00e9 de Jeff Lagoutte sur FPP dans son \u00e9mission Fl\u00e8che sensible. A \u00e9couter sans mod\u00e9ration !<\/p>\n","protected":false},"author":1,"featured_media":2760,"comment_status":"closed","ping_status":"closed","sticky":false,"template":"","format":"standard","meta":{"ngg_post_thumbnail":0,"footnotes":""},"categories":[15,11,14,10],"tags":[],"class_list":["post-2748","post","type-post","status-publish","format-standard","has-post-thumbnail","hentry","category-concert","category-conference","category-musique","category-recherche"],"_links":{"self":[{"href":"http:\/\/www.pierrecouprie.fr\/index.php?rest_route=\/wp\/v2\/posts\/2748","targetHints":{"allow":["GET"]}}],"collection":[{"href":"http:\/\/www.pierrecouprie.fr\/index.php?rest_route=\/wp\/v2\/posts"}],"about":[{"href":"http:\/\/www.pierrecouprie.fr\/index.php?rest_route=\/wp\/v2\/types\/post"}],"author":[{"embeddable":true,"href":"http:\/\/www.pierrecouprie.fr\/index.php?rest_route=\/wp\/v2\/users\/1"}],"replies":[{"embeddable":true,"href":"http:\/\/www.pierrecouprie.fr\/index.php?rest_route=%2Fwp%2Fv2%2Fcomments&post=2748"}],"version-history":[{"count":1,"href":"http:\/\/www.pierrecouprie.fr\/index.php?rest_route=\/wp\/v2\/posts\/2748\/revisions"}],"predecessor-version":[{"id":2749,"href":"http:\/\/www.pierrecouprie.fr\/index.php?rest_route=\/wp\/v2\/posts\/2748\/revisions\/2749"}],"wp:featuredmedia":[{"embeddable":true,"href":"http:\/\/www.pierrecouprie.fr\/index.php?rest_route=\/wp\/v2\/media\/2760"}],"wp:attachment":[{"href":"http:\/\/www.pierrecouprie.fr\/index.php?rest_route=%2Fwp%2Fv2%2Fmedia&parent=2748"}],"wp:term":[{"taxonomy":"category","embeddable":true,"href":"http:\/\/www.pierrecouprie.fr\/index.php?rest_route=%2Fwp%2Fv2%2Fcategories&post=2748"},{"taxonomy":"post_tag","embeddable":true,"href":"http:\/\/www.pierrecouprie.fr\/index.php?rest_route=%2Fwp%2Fv2%2Ftags&post=2748"}],"curies":[{"name":"wp","href":"https:\/\/api.w.org\/{rel}","templated":true}]}}