{"id":2724,"date":"2023-09-27T04:52:03","date_gmt":"2023-09-27T02:52:03","guid":{"rendered":"http:\/\/www.pierrecouprie.fr\/?p=2724"},"modified":"2023-10-05T21:29:04","modified_gmt":"2023-10-05T19:29:04","slug":"vers-une-musicologie-des-lutheries-numeriques-geste-materiau-reseau","status":"publish","type":"post","link":"http:\/\/www.pierrecouprie.fr\/?p=2724","title":{"rendered":"Vers une musicologie des lutheries num\u00e9riques : geste, mat\u00e9riau, r\u00e9seau"},"content":{"rendered":"\n<p>Conf\u00e9rence dans<strong><em> <\/em><\/strong>le cadre de la journ\u00e9e d&rsquo;\u00e9tude : <\/p>\n\n\n\n<p><strong>Mat\u00e9riau, mati\u00e8re, mat\u00e9rialit\u00e9 : autour de l\u2019instrument de musique<\/strong><\/p>\n\n\n\n<p>Mardi 07 novembre 2023, 09h30 \u2013 Universit\u00e9 Rennes 2, 9h30-16h00 Salle B 332<\/p>\n\n\n\n<p>L\u2019arriv\u00e9e du num\u00e9rique a profond\u00e9ment boulevers\u00e9 les mani\u00e8res de cr\u00e9er et d\u2019\u00e9couter la musique. De la fragmentation de l\u2019\u00e9coute au d\u00e9veloppement d\u2019instruments hybrides en passant par les multiples formes de cr\u00e9ativit\u00e9 distribu\u00e9e, l\u2019\u00e9tude des musiques num\u00e9riques est devenue un r\u00e9el d\u00e9fi pour la musicologie. Comment analyser les diff\u00e9rentes traces du processus de cr\u00e9ation&nbsp;? Comment \u00e9tudier une \u0153uvre distribu\u00e9e dans le r\u00e9seau des agents de la cr\u00e9ation&nbsp;? Comment penser le geste en lien avec l\u2019\u00e9criture des objets num\u00e9riques&nbsp;? Comment int\u00e9grer les propri\u00e9t\u00e9s du num\u00e9rique dans le processus m\u00eame de la recherche scientifique&nbsp;? Une des voies possibles pourrait \u00eatre une musicologie dynamique et performative reliant l\u2019acte de cr\u00e9ation \u00e0 son \u00e9tude.<\/p>\n\n\n\n<div data-wp-interactive=\"core\/file\" class=\"wp-block-file\"><object data-wp-bind--hidden=\"!state.hasPdfPreview\" hidden class=\"wp-block-file__embed\" data=\"http:\/\/www.pierrecouprie.fr\/wp-content\/uploads\/2023\/10\/programme-JE-du-7-novembre-23-1.pdf\" type=\"application\/pdf\" style=\"width:100%;height:600px\" aria-label=\"Contenu embarqu\u00e9 programme-JE-du-7-novembre-23-1.\"><\/object><a id=\"wp-block-file--media-dd2d8370-326d-461c-bcf1-d294be6f11fb\" href=\"http:\/\/www.pierrecouprie.fr\/wp-content\/uploads\/2023\/10\/programme-JE-du-7-novembre-23-1.pdf\">programme-JE-du-7-novembre-23-1<\/a><a href=\"http:\/\/www.pierrecouprie.fr\/wp-content\/uploads\/2023\/10\/programme-JE-du-7-novembre-23-1.pdf\" class=\"wp-block-file__button wp-element-button\" download aria-describedby=\"wp-block-file--media-dd2d8370-326d-461c-bcf1-d294be6f11fb\">T\u00e9l\u00e9charger<\/a><\/div>\n","protected":false},"excerpt":{"rendered":"<p>Conf\u00e9rence dans le cadre de la journ\u00e9e d&rsquo;\u00e9tude : Mat\u00e9riau, mati\u00e8re, mat\u00e9rialit\u00e9 : autour de l\u2019instrument de musique Mardi 07 novembre 2023, 09h30 \u2013 Universit\u00e9 Rennes 2, 9h30-16h00 Salle B 332 L\u2019arriv\u00e9e du num\u00e9rique a profond\u00e9ment boulevers\u00e9 les mani\u00e8res de cr\u00e9er et d\u2019\u00e9couter la musique. De la fragmentation de l\u2019\u00e9coute au d\u00e9veloppement d\u2019instruments hybrides en [&hellip;]<\/p>\n","protected":false},"author":1,"featured_media":2725,"comment_status":"closed","ping_status":"closed","sticky":false,"template":"","format":"standard","meta":{"ngg_post_thumbnail":0,"footnotes":""},"categories":[11,10],"tags":[],"class_list":["post-2724","post","type-post","status-publish","format-standard","has-post-thumbnail","hentry","category-conference","category-recherche"],"_links":{"self":[{"href":"http:\/\/www.pierrecouprie.fr\/index.php?rest_route=\/wp\/v2\/posts\/2724","targetHints":{"allow":["GET"]}}],"collection":[{"href":"http:\/\/www.pierrecouprie.fr\/index.php?rest_route=\/wp\/v2\/posts"}],"about":[{"href":"http:\/\/www.pierrecouprie.fr\/index.php?rest_route=\/wp\/v2\/types\/post"}],"author":[{"embeddable":true,"href":"http:\/\/www.pierrecouprie.fr\/index.php?rest_route=\/wp\/v2\/users\/1"}],"replies":[{"embeddable":true,"href":"http:\/\/www.pierrecouprie.fr\/index.php?rest_route=%2Fwp%2Fv2%2Fcomments&post=2724"}],"version-history":[{"count":3,"href":"http:\/\/www.pierrecouprie.fr\/index.php?rest_route=\/wp\/v2\/posts\/2724\/revisions"}],"predecessor-version":[{"id":2744,"href":"http:\/\/www.pierrecouprie.fr\/index.php?rest_route=\/wp\/v2\/posts\/2724\/revisions\/2744"}],"wp:featuredmedia":[{"embeddable":true,"href":"http:\/\/www.pierrecouprie.fr\/index.php?rest_route=\/wp\/v2\/media\/2725"}],"wp:attachment":[{"href":"http:\/\/www.pierrecouprie.fr\/index.php?rest_route=%2Fwp%2Fv2%2Fmedia&parent=2724"}],"wp:term":[{"taxonomy":"category","embeddable":true,"href":"http:\/\/www.pierrecouprie.fr\/index.php?rest_route=%2Fwp%2Fv2%2Fcategories&post=2724"},{"taxonomy":"post_tag","embeddable":true,"href":"http:\/\/www.pierrecouprie.fr\/index.php?rest_route=%2Fwp%2Fv2%2Ftags&post=2724"}],"curies":[{"name":"wp","href":"https:\/\/api.w.org\/{rel}","templated":true}]}}