{"id":2661,"date":"2023-04-22T07:43:32","date_gmt":"2023-04-22T05:43:32","guid":{"rendered":"http:\/\/www.pierrecouprie.fr\/?p=2661"},"modified":"2023-07-07T19:29:18","modified_gmt":"2023-07-07T17:29:18","slug":"logiciels-de-creation-musicale-quels-enjeux-culturels-artistiques-et-politiques","status":"publish","type":"post","link":"http:\/\/www.pierrecouprie.fr\/?p=2661","title":{"rendered":"Logiciels de cr\u00e9ation musicale : quels enjeux culturels, artistiques et politiques ?"},"content":{"rendered":"\n<p>\u00ab iAnalyse : d\u00e9veloppement d\u2019un laboratoire d\u2019exp\u00e9rimentation pour la musicologie \u00bb, <em>Logiciels de cr\u00e9ation musicale : quels enjeux culturels, artistiques et politiques ?<\/em>, Maison des Sciences de l\u2019Homme Paris Nord,&nbsp;23 mai 2023<\/p>\n\n\n\n<p>Renseignements : <a href=\"https:\/\/jim2023.sciencesconf.org\/resource\/page\/id\/4\" target=\"_blank\" rel=\"noreferrer noopener\">https:\/\/jim2023.sciencesconf.org\/resource\/page\/id\/4<\/a><\/p>\n\n\n\n<p><strong>Programme pr\u00e9visionnel<\/strong><\/p>\n\n\n\n<p># 9h00 &#8211; 9h30 : Ouverture &#8211; Yann Orlarey (U. Lyon, INSA, INRIA)<\/p>\n\n\n\n<p># 9h30 &#8211; 10h00 : D\u00e9velopper le langage Faust et son \u00e9cosyst\u00e8me &#8211; Yann Orlarey (U. Lyon, INSA, INRIA) et St\u00e9phane Letz (U. Lyon, GRAME, INSA, INRIA)<\/p>\n\n\n\n<p># 10h00 &#8211; 10h30 : Antescofo : entre composition et performance&nbsp;&#8211; Jean-Louis Giavitto (IRCAM)<\/p>\n\n\n\n<p># 10h30 &#8211; 11h00 : De HOA \u00e0 abclib : le traitement spatial du son au CICM \u00bb&nbsp; &#8211; Alain Bonardi (CICM), Pierre Guillot (CICM), Paul Goutmann (CICM)<\/p>\n\n\n\n<p># 11h00 &#8211; 11h30 : Pause caf\u00e9<\/p>\n\n\n\n<p># 11h30 &#8211; 12h00 : iAnalyse&nbsp;: d\u00e9veloppement d\u2019un laboratoire d\u2019exp\u00e9rimentation pour la musicologie &#8211; Pierre Couprie (RASM-CHCSC, Universit\u00e9 Paris-Saclay)<\/p>\n\n\n\n<p># 12h00 &#8211; 12h30 : La Plateforme H\u00e9licanthe de l\u2019ACROE &#8211; Claude Cadoz (ACROE)<\/p>\n\n\n\n<p># 12h30 &#8211; 14h00 : Dejeuner<\/p>\n\n\n\n<p># 14h00 &#8211; 14h30 : La galaxie Omax &#8211; G\u00e9rard Assayag (IRCAM)<\/p>\n\n\n\n<p># 14h30 &#8211; 15h00 : Les p\u00e9riples de la notation musicale \u00e0 Grame &#8211; Dominique Fober<\/p>\n\n\n\n<p># 15h00 &#8211; 15h30 : Le programme Holophon au GMEM (Marseille) : les \u00e9tapes du projet et ce qu\u2019il en reste aujourd\u2019hui. &#8211; Laurent Pottier (UJM)<\/p>\n\n\n\n<p># 15h30 &#8211; 16h00 : Pause caf\u00e9<\/p>\n\n\n\n<p># 16h00 &#8211; 16h30 :&nbsp;<a href=\"http:\/\/ossia.io\/\">ossia.io<\/a>&nbsp;: une initiative open source au service de la cr\u00e9ation num\u00e9rique interdisciplinaire &#8211; Pia Baltazar, Jean-Micha\u00ebl Celerier (depuis Montr\u00e9al)<\/p>\n\n\n\n<p># 16h30 &#8211; 17h00 : IanniX : D\u00e9fis et p\u00e9rennit\u00e9 face aux enjeux du financement &#8211; Thierry Coduys<\/p>\n\n\n\n<p># 17h00 : Cl\u00f4ture de la journ\u00e9e<\/p>\n","protected":false},"excerpt":{"rendered":"<p>\u00ab iAnalyse : d\u00e9veloppement d\u2019un laboratoire d\u2019exp\u00e9rimentation pour la musicologie \u00bb, Logiciels de cr\u00e9ation musicale : quels enjeux culturels, artistiques et politiques ?, Maison des Sciences de l\u2019Homme Paris Nord,&nbsp;23 mai 2023 Renseignements : https:\/\/jim2023.sciencesconf.org\/resource\/page\/id\/4 Programme pr\u00e9visionnel # 9h00 &#8211; 9h30 : Ouverture &#8211; Yann Orlarey (U. Lyon, INSA, INRIA) # 9h30 &#8211; 10h00 : [&hellip;]<\/p>\n","protected":false},"author":1,"featured_media":2664,"comment_status":"closed","ping_status":"closed","sticky":false,"template":"","format":"standard","meta":{"ngg_post_thumbnail":0,"footnotes":""},"categories":[11,18,19,10],"tags":[],"class_list":["post-2661","post","type-post","status-publish","format-standard","has-post-thumbnail","hentry","category-conference","category-developpement","category-ianalyse","category-recherche"],"_links":{"self":[{"href":"http:\/\/www.pierrecouprie.fr\/index.php?rest_route=\/wp\/v2\/posts\/2661","targetHints":{"allow":["GET"]}}],"collection":[{"href":"http:\/\/www.pierrecouprie.fr\/index.php?rest_route=\/wp\/v2\/posts"}],"about":[{"href":"http:\/\/www.pierrecouprie.fr\/index.php?rest_route=\/wp\/v2\/types\/post"}],"author":[{"embeddable":true,"href":"http:\/\/www.pierrecouprie.fr\/index.php?rest_route=\/wp\/v2\/users\/1"}],"replies":[{"embeddable":true,"href":"http:\/\/www.pierrecouprie.fr\/index.php?rest_route=%2Fwp%2Fv2%2Fcomments&post=2661"}],"version-history":[{"count":4,"href":"http:\/\/www.pierrecouprie.fr\/index.php?rest_route=\/wp\/v2\/posts\/2661\/revisions"}],"predecessor-version":[{"id":2700,"href":"http:\/\/www.pierrecouprie.fr\/index.php?rest_route=\/wp\/v2\/posts\/2661\/revisions\/2700"}],"wp:featuredmedia":[{"embeddable":true,"href":"http:\/\/www.pierrecouprie.fr\/index.php?rest_route=\/wp\/v2\/media\/2664"}],"wp:attachment":[{"href":"http:\/\/www.pierrecouprie.fr\/index.php?rest_route=%2Fwp%2Fv2%2Fmedia&parent=2661"}],"wp:term":[{"taxonomy":"category","embeddable":true,"href":"http:\/\/www.pierrecouprie.fr\/index.php?rest_route=%2Fwp%2Fv2%2Fcategories&post=2661"},{"taxonomy":"post_tag","embeddable":true,"href":"http:\/\/www.pierrecouprie.fr\/index.php?rest_route=%2Fwp%2Fv2%2Ftags&post=2661"}],"curies":[{"name":"wp","href":"https:\/\/api.w.org\/{rel}","templated":true}]}}