{"id":2117,"date":"2019-02-20T10:00:52","date_gmt":"2019-02-20T09:00:52","guid":{"rendered":"http:\/\/www.pierrecouprie.fr\/?p=2117"},"modified":"2019-03-01T09:47:59","modified_gmt":"2019-03-01T08:47:59","slug":"comment-cest-fait-de-lecoute-a-lanalyse-musicale-vers-une-pratique-interdisciplinaire-de-la-musicologie","status":"publish","type":"post","link":"http:\/\/www.pierrecouprie.fr\/?p=2117","title":{"rendered":"\u201cComment c\u2019est fait ?\u201d : de l\u2019\u00e9coute \u00e0 l\u2019analyse\u00a0musicale, vers une\u00a0pratique interdisciplinaire de la\u00a0musicologie"},"content":{"rendered":"\n<p>Conf\u00e9rence, s\u00e9minaire de Fran\u00e7ois Madurell et Jean-Marc Chouvel, Paris, Sorbonne Universit\u00e9, 16 mars 2019.<\/p>\n\n\n\n<p>Penser la musicologie comme une activit\u00e9 interdisciplinaire,&nbsp;voire&nbsp;comme une \u00ab discipline hybride \u00bb (Morin, 1990), offre de tr\u00e8s&nbsp;nombreuses perspectives pour l&rsquo;avenir de la discipline. Depuis la fin&nbsp;des&nbsp;ann\u00e9es 1990, je travaille sur la repr\u00e9sentation graphique et la&nbsp;visualisation&nbsp;de donn\u00e9es comme activit\u00e9 int\u00e9gr\u00e9e \u00e0 l&rsquo;analyse&nbsp;musicale ou comme modalit\u00e9&nbsp;repr\u00e9sentationnelle (Bernsen, 1997). Durant&nbsp;cette pr\u00e9sentation,&nbsp;j&rsquo;analyserai quelques r\u00e9alisations produites depuis une&nbsp;vingtaine&nbsp;d&rsquo;ann\u00e9es pour les contextualiser dans mes diff\u00e9rentes activit\u00e9s \u2013&nbsp;recherche,&nbsp;enseignement, cr\u00e9ation, d\u00e9veloppement informatique \u2013 et&nbsp;dresser quelques&nbsp;perspectives pour l&rsquo;avenir.<\/p>\n","protected":false},"excerpt":{"rendered":"<p>Conf\u00e9rence, s\u00e9minaire de Fran\u00e7ois Madurell et Jean-Marc Chouvel, Paris, Sorbonne Universit\u00e9, 16 mars 2019. Penser la musicologie comme une activit\u00e9 interdisciplinaire,&nbsp;voire&nbsp;comme une \u00ab discipline hybride \u00bb (Morin, 1990), offre de tr\u00e8s&nbsp;nombreuses perspectives pour l&rsquo;avenir de la discipline. Depuis la fin&nbsp;des&nbsp;ann\u00e9es 1990, je travaille sur la repr\u00e9sentation graphique et la&nbsp;visualisation&nbsp;de donn\u00e9es comme activit\u00e9 int\u00e9gr\u00e9e \u00e0 l&rsquo;analyse&nbsp;musicale [&hellip;]<\/p>\n","protected":false},"author":1,"featured_media":2121,"comment_status":"closed","ping_status":"closed","sticky":false,"template":"","format":"standard","meta":{"ngg_post_thumbnail":0,"footnotes":""},"categories":[11,10],"tags":[],"class_list":["post-2117","post","type-post","status-publish","format-standard","has-post-thumbnail","hentry","category-conference","category-recherche"],"_links":{"self":[{"href":"http:\/\/www.pierrecouprie.fr\/index.php?rest_route=\/wp\/v2\/posts\/2117","targetHints":{"allow":["GET"]}}],"collection":[{"href":"http:\/\/www.pierrecouprie.fr\/index.php?rest_route=\/wp\/v2\/posts"}],"about":[{"href":"http:\/\/www.pierrecouprie.fr\/index.php?rest_route=\/wp\/v2\/types\/post"}],"author":[{"embeddable":true,"href":"http:\/\/www.pierrecouprie.fr\/index.php?rest_route=\/wp\/v2\/users\/1"}],"replies":[{"embeddable":true,"href":"http:\/\/www.pierrecouprie.fr\/index.php?rest_route=%2Fwp%2Fv2%2Fcomments&post=2117"}],"version-history":[{"count":1,"href":"http:\/\/www.pierrecouprie.fr\/index.php?rest_route=\/wp\/v2\/posts\/2117\/revisions"}],"predecessor-version":[{"id":2118,"href":"http:\/\/www.pierrecouprie.fr\/index.php?rest_route=\/wp\/v2\/posts\/2117\/revisions\/2118"}],"wp:featuredmedia":[{"embeddable":true,"href":"http:\/\/www.pierrecouprie.fr\/index.php?rest_route=\/wp\/v2\/media\/2121"}],"wp:attachment":[{"href":"http:\/\/www.pierrecouprie.fr\/index.php?rest_route=%2Fwp%2Fv2%2Fmedia&parent=2117"}],"wp:term":[{"taxonomy":"category","embeddable":true,"href":"http:\/\/www.pierrecouprie.fr\/index.php?rest_route=%2Fwp%2Fv2%2Fcategories&post=2117"},{"taxonomy":"post_tag","embeddable":true,"href":"http:\/\/www.pierrecouprie.fr\/index.php?rest_route=%2Fwp%2Fv2%2Ftags&post=2117"}],"curies":[{"name":"wp","href":"https:\/\/api.w.org\/{rel}","templated":true}]}}