{"id":2006,"date":"2018-12-27T13:35:23","date_gmt":"2018-12-27T12:35:23","guid":{"rendered":"http:\/\/www.pierrecouprie.fr\/?p=2006"},"modified":"2019-01-20T11:22:54","modified_gmt":"2019-01-20T10:22:54","slug":"musique-images-instruments-17","status":"publish","type":"post","link":"http:\/\/www.pierrecouprie.fr\/?p=2006","title":{"rendered":"Musique &#8211; Images &#8211; Instruments 17"},"content":{"rendered":"\n<div class=\"wp-block-image\"><figure class=\"alignleft\"><img loading=\"lazy\" decoding=\"async\" width=\"250\" height=\"420\" src=\"http:\/\/www.pierrecouprie.fr\/wp-content\/uploads\/2018\/12\/musique-images-instruments-17.png\" alt=\"\" class=\"wp-image-2007\" srcset=\"http:\/\/www.pierrecouprie.fr\/wp-content\/uploads\/2018\/12\/musique-images-instruments-17.png 250w, http:\/\/www.pierrecouprie.fr\/wp-content\/uploads\/2018\/12\/musique-images-instruments-17-179x300.png 179w\" sizes=\"auto, (max-width: 250px) 100vw, 250px\" \/><\/figure><\/div>\n\n\n\n<p>MUSIQUE | IMAGES | INSTRUMENTS est une revue scientifique annuelle consacr\u00e9e \u00e0 l\u2019organologie et \u00e0 l\u2019iconographie musicale en Occident. Elle aborde l\u2019\u00e9tude des instruments et la repr\u00e9sentation de la musique dans les arts visuels. Elle se propose de regrouper les diff\u00e9rents champs disciplinaires (facture instrumentale ; acoustique instrumentale ; histoire des collections ; restauration ; collecte et analyse des sujets musicaux figur\u00e9s dans les arts plastiques) et invite \u00e0 la confrontation des approches les plus diverses. Les textes sont publi\u00e9s en fran\u00e7ais ou en anglais avec un r\u00e9sum\u00e9 dans les deux langues.<\/p>\n\n\n\n<p><strong>Lutherie \u00e9lectrique et \u00e9lectronique,<\/strong> Marc Battier et Florence G\u00e9treau (\u00e9dition)<\/p>\n\n\n\n<p>Renseignements et commande : <a href=\"http:\/\/www.cnrseditions.fr\/musicologie\/7716-musique-images-instruments-17.html\">http:\/\/www.cnrseditions.fr\/musicologie\/7716-musique-images-instruments-17.html<\/a><\/p>\n\n\n\n<p><strong>Sommaire<\/strong><\/p>\n\n\n\n<ul class=\"wp-block-list\"><li>Olivier Carpentier, Coupleux et Givelet : la qu\u00eate d\u2019une recr\u00e9ation des timbres instrumentaux<\/li><li>Thierry Maniguet, La croix sonore et Obouhow, pionnier de la lutherie \u00e9lectronique<\/li><li>Christophe D\u2019Alessandro, L\u2019orgue radio-synth\u00e9tique de l\u2019abb\u00e9 Puget (1934) : une sonorit\u00e9 emprunt\u00e9e tant aux tuyaux qu\u2019aux machines parlantes<\/li><li>Peter Asimov, Une invention \u2018essentiellement fran\u00e7aise\u2019: seeing and hearing the Ondes Martenot in 1937<\/li><li>Steve Waksman, Making the Guitar Electric: Early Electric Guitar History<\/li><li>Jean-Claude Battault, Constant Martin (1910-1995) : pionnier fran\u00e7ais de la facture instrumentale \u00e9lectronique<\/li><li>Elena Ungeheuer and Oliver Wiener, Between Mass Media, Entertainment Electronics and Experimental Music: Harald Bode\u2019s Melochords in the Intersection of Many Interests<\/li><li>Tatjana B\u00f6hme-Mehner, La recherche comme compromis esth\u00e9tique en Allemagne de l\u2019Est : le Subharchord<\/li><li>Daniel Teruggi, Inventer le son, inventer la musique : du sillon ferm\u00e9 aux GRM Tools<\/li><li>Pierre Couprie, Le M\u00e9ta-Instrument : gen\u00e8se et \u00e9volution d\u2019un nouvel instrument<\/li><li>Jean Bresson et Marco Stroppa, Synth\u00e8se num\u00e9rique et composition assist\u00e9e par ordinateur : mod\u00e8les sonores et voix virtuelles dans Re Orso<\/li><li>Peter Donhauser, The collection of Electronic Musical Instruments at the Technisches Museum Wien<\/li><li>Marc Battier, L\u2019informatique musicale entre au mus\u00e9e de la Musique \u00e0<br>Paris : politique d\u2019acquisition entre 1991 et 1996<\/li><li>Philippe Brugui\u00e8re et Thierry Maniguet, Les acquisitions d\u2019instruments \u00e9lectroniques et \u00e9lectriques au mus\u00e9e de la Musique depuis son ouverture<\/li><li>Tristan Labouret, L\u2019adoption du diapason normal en France dans les ann\u00e9es 1860 : les formations instrumentales \u00e0 l\u2019\u00e9preuve de la standardisation<\/li><li>Jean-Marc Baffert (1947-2017), J.-S. Bach en France avant 1810.<\/li><\/ul>\n\n\n\n<p><\/p>\n","protected":false},"excerpt":{"rendered":"<p>MUSIQUE | IMAGES | INSTRUMENTS est une revue scientifique annuelle consacr\u00e9e \u00e0 l\u2019organologie et \u00e0 l\u2019iconographie musicale en Occident. Elle aborde l\u2019\u00e9tude des instruments et la repr\u00e9sentation de la musique dans les arts visuels. Elle se propose de regrouper les diff\u00e9rents champs disciplinaires (facture instrumentale ; acoustique instrumentale ; histoire des collections ; restauration ; [&hellip;]<\/p>\n","protected":false},"author":1,"featured_media":2007,"comment_status":"closed","ping_status":"closed","sticky":false,"template":"","format":"standard","meta":{"ngg_post_thumbnail":0,"footnotes":""},"categories":[11,13,10],"tags":[],"class_list":["post-2006","post","type-post","status-publish","format-standard","has-post-thumbnail","hentry","category-conference","category-publication","category-recherche"],"_links":{"self":[{"href":"http:\/\/www.pierrecouprie.fr\/index.php?rest_route=\/wp\/v2\/posts\/2006","targetHints":{"allow":["GET"]}}],"collection":[{"href":"http:\/\/www.pierrecouprie.fr\/index.php?rest_route=\/wp\/v2\/posts"}],"about":[{"href":"http:\/\/www.pierrecouprie.fr\/index.php?rest_route=\/wp\/v2\/types\/post"}],"author":[{"embeddable":true,"href":"http:\/\/www.pierrecouprie.fr\/index.php?rest_route=\/wp\/v2\/users\/1"}],"replies":[{"embeddable":true,"href":"http:\/\/www.pierrecouprie.fr\/index.php?rest_route=%2Fwp%2Fv2%2Fcomments&post=2006"}],"version-history":[{"count":2,"href":"http:\/\/www.pierrecouprie.fr\/index.php?rest_route=\/wp\/v2\/posts\/2006\/revisions"}],"predecessor-version":[{"id":2009,"href":"http:\/\/www.pierrecouprie.fr\/index.php?rest_route=\/wp\/v2\/posts\/2006\/revisions\/2009"}],"wp:featuredmedia":[{"embeddable":true,"href":"http:\/\/www.pierrecouprie.fr\/index.php?rest_route=\/wp\/v2\/media\/2007"}],"wp:attachment":[{"href":"http:\/\/www.pierrecouprie.fr\/index.php?rest_route=%2Fwp%2Fv2%2Fmedia&parent=2006"}],"wp:term":[{"taxonomy":"category","embeddable":true,"href":"http:\/\/www.pierrecouprie.fr\/index.php?rest_route=%2Fwp%2Fv2%2Fcategories&post=2006"},{"taxonomy":"post_tag","embeddable":true,"href":"http:\/\/www.pierrecouprie.fr\/index.php?rest_route=%2Fwp%2Fv2%2Ftags&post=2006"}],"curies":[{"name":"wp","href":"https:\/\/api.w.org\/{rel}","templated":true}]}}