{"id":1846,"date":"2017-11-07T20:30:38","date_gmt":"2017-11-07T19:30:38","guid":{"rendered":"http:\/\/www.pierrecouprie.fr\/?p=1846"},"modified":"2018-02-01T23:24:19","modified_gmt":"2018-02-01T22:24:19","slug":"penser-le-numerique-a-sorbonne-universites-a-chacun-ses-donnees-1","status":"publish","type":"post","link":"http:\/\/www.pierrecouprie.fr\/?p=1846","title":{"rendered":"Penser le num\u00e9rique \u00e0 Sorbonne-Universit\u00e9s : \u00e0 chacun ses donn\u00e9es ?"},"content":{"rendered":"<div class=\"page\" title=\"Page 1\">\n<div class=\"layoutArea\">\n<div class=\"column\">\n<p><a href=\"http:\/\/www.pierrecouprie.fr\/?attachment_id=1849\" rel=\"attachment wp-att-1849\"><img loading=\"lazy\" decoding=\"async\" class=\"alignnone size-full wp-image-1849\" src=\"http:\/\/www.pierrecouprie.fr\/wp-content\/uploads\/2017\/11\/Unknown.png\" alt=\"\" width=\"397\" height=\"127\" srcset=\"http:\/\/www.pierrecouprie.fr\/wp-content\/uploads\/2017\/11\/Unknown.png 397w, http:\/\/www.pierrecouprie.fr\/wp-content\/uploads\/2017\/11\/Unknown-300x96.png 300w\" sizes=\"auto, (max-width: 397px) 100vw, 397px\" \/><\/a><\/p>\n<p><strong>Vendredi 10 novembre 2017<\/strong><br \/>\n<strong>Institut Du Management De L&rsquo;Information (IMI)<\/strong><br \/>\n<strong>62 boulevard S\u00e9bastopol, 75003 Paris<\/strong><\/p>\n<p>Dans le cadre de Sorbonne Universit\u00e9s (SU), l\u2019\u00e9quipe du projet structurant TRANSNUM organise une journ\u00e9e d\u2019\u00e9tudes autour de la question de la \u00ab donn\u00e9e \u00bb.<\/p>\n<p>Le projet TRANSNUM, port\u00e9 par le GRIPIC (Paris-Sorbonne) et le COSTECH (UTC), a pour ambition de f\u00e9d\u00e9rer, au sein de Sorbonne-Universit\u00e9s, les chercheurs et les initiatives analysant ou exploitant les transformations li\u00e9es au d\u00e9veloppement du num\u00e9rique. Loin de n\u2019envisager ces transformations que d\u2019un point de vue technique, il importe d\u2019en analyser les enjeux \u00e9pist\u00e9mologiques, sociaux, politiques ou encore \u00e9conomiques. Pour ce faire, l\u2019\u00e9quipe de TRANSNUM est organis\u00e9e en trois axes th\u00e9matiques (num\u00e9rique et savoirs ; num\u00e9rique, m\u00e9dias et citoyennet\u00e9 ; num\u00e9rique, travail et \u00e9conomie) et un axe transversal (penser le num\u00e9rique). L\u2019objectif est donc double : d\u2019un c\u00f4t\u00e9, participer aux r\u00e9flexions contemporaines sur le num\u00e9rique; de l\u2019autre, comprendre comment ces technologies traversent et transforment les pratiques de recherche \u00e0 Sorbonne-Universit\u00e9s.<\/p>\n<p>Dans ce cadre, nous organisons une journ\u00e9e d\u2019\u00e9tude qui concilie ces deux objectifs. Il s\u2019agit de rendre compte des travaux entam\u00e9s par les diff\u00e9rentes \u00e9quipes de TRANSNUM, mais il s\u2019agit surtout d\u2019inviter les chercheurs de Sorbonne-Universit\u00e9s \u00e0 parler de leurs rapports au num\u00e9rique, afin d\u2019enrichir la r\u00e9flexion autour du num\u00e9rique \u00e0 Sorbonne- Universit\u00e9s.<\/p>\n<p>Pour cela, il faut un th\u00e8me qui puisse f\u00e9d\u00e9rer tous les laboratoires de SU, malgr\u00e9 la diversit\u00e9 des disciplines et des projets. Nous avons donc choisi de nous int\u00e9resser aux donn\u00e9es. La donn\u00e9e est un \u00e9l\u00e9ment essentiel des technologies num\u00e9riques. Sans donn\u00e9e, pas de calcul possible&#8230; La ou les donn\u00e9es sont en quelque sorte le plus petit d\u00e9nominateur commun entre les multiples fa\u00e7ons dont le num\u00e9rique mod\u00e8le nos pratiques, y compris nos pratiques de recherche. De plus, le d\u00e9veloppement r\u00e9cent des donn\u00e9es massives induit de nouvelles probl\u00e9matiques. Il ne s\u2019agit plus seulement de simuler informatiquement des ph\u00e9nom\u00e8nes (qu\u2019on va alors pouvoir \u00e9tudier en les convertissant en donn\u00e9es computables) mais il s\u2019agit bien d\u2019explorer le r\u00e9el \u00e0 travers les donn\u00e9es r\u00e9cup\u00e9r\u00e9es en grand nombre.<\/p>\n<div class=\"page\" title=\"Page 2\">\n<div class=\"layoutArea\">\n<div class=\"column\">\n<p>Nous voulons donc interroger ce statut des donn\u00e9es dans les recherches men\u00e9es \u00e0 Sorbonne-Universit\u00e9s : comment les diff\u00e9rents chercheur.e.s engag\u00e9.e.s dans un projet de recherche construisent, mobilisent, utilisent, d\u00e9finissent (ou pas) ce qu\u2019est une donn\u00e9e ? Quels moyens sont mis en \u0153uvre pour la produire, la traiter, la visualiser ? Si la production de donn\u00e9es traverse toutes nos pratiques de recherche, comment est-elle con\u00e7ue, d\u00e9finie, pratiqu\u00e9e selon les projets, les disciplines et sensibilit\u00e9s ?<\/p>\n<p>Il s\u2019agit de tirer parti de l\u2019immense richesse et diversit\u00e9 des laboratoires de Sorbonne Universit\u00e9s pour poser les conditions d\u2019un dialogue autour d\u2019un objet largement partag\u00e9, pas forc\u00e9ment interrog\u00e9, mais pr\u00e9sent dans tout projet de recherche impliquant le num\u00e9rique. Sans limiter la donn\u00e9e au calcul, nous souhaitons en interroger les multiples usages et construction selon les projets et traditions disciplinaires dans lesquelles elle est mobilis\u00e9e.<\/p>\n<p>La journ\u00e9e sera organis\u00e9e autour de deux types d\u2019interventions : celles de diff\u00e9rents chercheurs de Sorbonne-Universit\u00e9s, affili\u00e9s \u00e0 diff\u00e9rentes disciplines, mais convoquant tous dans leurs travaux des donn\u00e9es num\u00e9riques ; celles des membres du projet TRANSNUM qui pr\u00e9senteront ainsi l\u2019\u00e9tat de leurs recherches.<\/p>\n<p><strong>Programme<\/strong><\/p>\n<ul>\n<li>9:15 Accueil<\/li>\n<li>9:45&nbsp;(R\u00e9)concilier calcul et donn\u00e9es. Pascal Frey, Institut des Sciences du Calcul et des Donn\u00e9es<\/li>\n<li>10:35&nbsp;Autour du projet \u00abOntologie du christianisme m\u00e9di\u00e9val en images \u00bb. S\u00e9bastien Biay, INHA.&nbsp;<\/li>\n<li>11:30 Pr\u00e9sentation des travaux de&nbsp;l\u2019axe 1 \u00ab Num\u00e9rique et savoir \u00bb<\/li>\n<li>13:30&nbsp;Pr\u00e9sentation des travaux de&nbsp;l\u2019axe 2, \u00ab Num\u00e9rique, m\u00e9dias et&nbsp;citoyennet\u00e9 \u00bb<\/li>\n<li>14:05&nbsp;Autour du projet \u00ab E-recolnat \u00bb et \u00ab Les Herbonautes \u00bb. Eva Perez Pimpar\u00e9, MNHN<\/li>\n<li>14:50 Pr\u00e9sentation des travaux de l&rsquo;axe 3 \u00ab Num\u00e9rique, travail et \u00e9conomie \u00bb\n<div class=\"page\" title=\"Page 3\">&nbsp;<\/div>\n<\/li>\n<li>15:35&nbsp;Autour du projet \u00ab interpr\u00e9ter la musique acousmatique : enregistrement, analyse, visualisation \u00bb. Pierre Couprie et Nathana\u00eblle Raboisson, Collegium Musicae<\/li>\n<li>16:20 Pr\u00e9sentation des travaux de l&rsquo;axe 0 :&nbsp;\u00ab Penser le num\u00e9rique \u00bb<\/li>\n<\/ul>\n<\/div>\n<\/div>\n<\/div>\n<\/div>\n<\/div>\n<\/div>\n","protected":false},"excerpt":{"rendered":"<p>Vendredi 10 novembre 2017 Institut Du Management De L&rsquo;Information (IMI) 62 boulevard S\u00e9bastopol, 75003 Paris Dans le cadre de Sorbonne Universit\u00e9s (SU), l\u2019\u00e9quipe du projet structurant TRANSNUM organise une journ\u00e9e d\u2019\u00e9tudes autour de la question de la \u00ab donn\u00e9e \u00bb. Le projet TRANSNUM, port\u00e9 par le GRIPIC (Paris-Sorbonne) et le COSTECH (UTC), a pour ambition [&hellip;]<\/p>\n","protected":false},"author":1,"featured_media":0,"comment_status":"closed","ping_status":"closed","sticky":false,"template":"","format":"standard","meta":{"ngg_post_thumbnail":0,"footnotes":""},"categories":[11,10],"tags":[],"class_list":["post-1846","post","type-post","status-publish","format-standard","hentry","category-conference","category-recherche"],"_links":{"self":[{"href":"http:\/\/www.pierrecouprie.fr\/index.php?rest_route=\/wp\/v2\/posts\/1846","targetHints":{"allow":["GET"]}}],"collection":[{"href":"http:\/\/www.pierrecouprie.fr\/index.php?rest_route=\/wp\/v2\/posts"}],"about":[{"href":"http:\/\/www.pierrecouprie.fr\/index.php?rest_route=\/wp\/v2\/types\/post"}],"author":[{"embeddable":true,"href":"http:\/\/www.pierrecouprie.fr\/index.php?rest_route=\/wp\/v2\/users\/1"}],"replies":[{"embeddable":true,"href":"http:\/\/www.pierrecouprie.fr\/index.php?rest_route=%2Fwp%2Fv2%2Fcomments&post=1846"}],"version-history":[{"count":4,"href":"http:\/\/www.pierrecouprie.fr\/index.php?rest_route=\/wp\/v2\/posts\/1846\/revisions"}],"predecessor-version":[{"id":1851,"href":"http:\/\/www.pierrecouprie.fr\/index.php?rest_route=\/wp\/v2\/posts\/1846\/revisions\/1851"}],"wp:attachment":[{"href":"http:\/\/www.pierrecouprie.fr\/index.php?rest_route=%2Fwp%2Fv2%2Fmedia&parent=1846"}],"wp:term":[{"taxonomy":"category","embeddable":true,"href":"http:\/\/www.pierrecouprie.fr\/index.php?rest_route=%2Fwp%2Fv2%2Fcategories&post=1846"},{"taxonomy":"post_tag","embeddable":true,"href":"http:\/\/www.pierrecouprie.fr\/index.php?rest_route=%2Fwp%2Fv2%2Ftags&post=1846"}],"curies":[{"name":"wp","href":"https:\/\/api.w.org\/{rel}","templated":true}]}}