{"id":1753,"date":"2017-06-01T18:34:25","date_gmt":"2017-06-01T16:34:25","guid":{"rendered":"http:\/\/www.pierrecouprie.fr\/?p=1753"},"modified":"2018-02-01T23:24:40","modified_gmt":"2018-02-01T22:24:40","slug":"euromac-2017","status":"publish","type":"post","link":"http:\/\/www.pierrecouprie.fr\/?p=1753","title":{"rendered":"EuroMAC 2017"},"content":{"rendered":"<p><a href=\"http:\/\/www.pierrecouprie.fr\/?attachment_id=1754\" rel=\"attachment wp-att-1754\"><img loading=\"lazy\" decoding=\"async\" class=\"alignnone size-large wp-image-1754\" src=\"http:\/\/www.pierrecouprie.fr\/wp-content\/uploads\/2017\/05\/Capture-d\u2019\u00e9cran-2017-05-04-\u00e0-18.36.09-1024x447.png\" alt=\"\" width=\"584\" height=\"255\" srcset=\"http:\/\/www.pierrecouprie.fr\/wp-content\/uploads\/2017\/05\/Capture-d\u2019\u00e9cran-2017-05-04-\u00e0-18.36.09-1024x447.png 1024w, http:\/\/www.pierrecouprie.fr\/wp-content\/uploads\/2017\/05\/Capture-d\u2019\u00e9cran-2017-05-04-\u00e0-18.36.09-300x131.png 300w, http:\/\/www.pierrecouprie.fr\/wp-content\/uploads\/2017\/05\/Capture-d\u2019\u00e9cran-2017-05-04-\u00e0-18.36.09-768x335.png 768w, http:\/\/www.pierrecouprie.fr\/wp-content\/uploads\/2017\/05\/Capture-d\u2019\u00e9cran-2017-05-04-\u00e0-18.36.09-500x218.png 500w, http:\/\/www.pierrecouprie.fr\/wp-content\/uploads\/2017\/05\/Capture-d\u2019\u00e9cran-2017-05-04-\u00e0-18.36.09.png 1554w\" sizes=\"auto, (max-width: 584px) 100vw, 584px\" \/><\/a><\/p>\n<p>Le IXe congr\u00e8s europ\u00e9en d\u2019Analyse musicale (IXe&nbsp;CEAM \u2013 Euromac 9) se tiendra \u00e0&nbsp; Strasbourg du 28 juin au&nbsp;1er juillet 2017.<\/p>\n<p>Il est organis\u00e9 par le laboratoire d\u2019excellence&nbsp;GREAM(Groupe de recherches exp\u00e9rimentales sur l\u2019acte musical) de l\u2019universit\u00e9 de Strasbourg, la SFAM&nbsp;(Soci\u00e9t\u00e9 fran\u00e7aise d\u2019analyse musicale)&nbsp;et le laboratoire IReMus(UMR 8223 \u2013 Institut de recherche en musicologie), sous l\u2019\u00e9gide de l\u2019ensemble des soci\u00e9t\u00e9s europ\u00e9ennes d\u2019analyse musicale.<\/p>\n<p>Ce congr\u00e8s ambitionne de constituer un \u00e9v\u00e9nement scientifique de premi\u00e8re importance dans le champ de l\u2019analyse musicale et les champs qui lui sont associ\u00e9s. Il r\u00e9unira des chercheurs du monde entier autour de personnalit\u00e9s \u00e9minentes et de conf\u00e9renciers pl\u00e9niers prestigieux : Robert Cogan (New England Conservatory of Music, Boston), Jean-Pierre Bartoli (Sorbonne, Paris) et Marie-No\u00eblle Masson (SFAM).<\/p>\n<p><a href=\"http:\/\/euromac2017.unistra.fr\" target=\"_blank\" rel=\"noopener noreferrer\">Renseignements<\/a><\/p>\n","protected":false},"excerpt":{"rendered":"<p>Le IXe congr\u00e8s europ\u00e9en d\u2019Analyse musicale (IXe&nbsp;CEAM \u2013 Euromac 9) se tiendra \u00e0&nbsp; Strasbourg du 28 juin au&nbsp;1er juillet 2017. Il est organis\u00e9 par le laboratoire d\u2019excellence&nbsp;GREAM(Groupe de recherches exp\u00e9rimentales sur l\u2019acte musical) de l\u2019universit\u00e9 de Strasbourg, la SFAM&nbsp;(Soci\u00e9t\u00e9 fran\u00e7aise d\u2019analyse musicale)&nbsp;et le laboratoire IReMus(UMR 8223 \u2013 Institut de recherche en musicologie), sous l\u2019\u00e9gide de [&hellip;]<\/p>\n","protected":false},"author":1,"featured_media":0,"comment_status":"closed","ping_status":"closed","sticky":false,"template":"","format":"standard","meta":{"ngg_post_thumbnail":0,"footnotes":""},"categories":[11,10],"tags":[],"class_list":["post-1753","post","type-post","status-publish","format-standard","hentry","category-conference","category-recherche"],"_links":{"self":[{"href":"http:\/\/www.pierrecouprie.fr\/index.php?rest_route=\/wp\/v2\/posts\/1753","targetHints":{"allow":["GET"]}}],"collection":[{"href":"http:\/\/www.pierrecouprie.fr\/index.php?rest_route=\/wp\/v2\/posts"}],"about":[{"href":"http:\/\/www.pierrecouprie.fr\/index.php?rest_route=\/wp\/v2\/types\/post"}],"author":[{"embeddable":true,"href":"http:\/\/www.pierrecouprie.fr\/index.php?rest_route=\/wp\/v2\/users\/1"}],"replies":[{"embeddable":true,"href":"http:\/\/www.pierrecouprie.fr\/index.php?rest_route=%2Fwp%2Fv2%2Fcomments&post=1753"}],"version-history":[{"count":1,"href":"http:\/\/www.pierrecouprie.fr\/index.php?rest_route=\/wp\/v2\/posts\/1753\/revisions"}],"predecessor-version":[{"id":1755,"href":"http:\/\/www.pierrecouprie.fr\/index.php?rest_route=\/wp\/v2\/posts\/1753\/revisions\/1755"}],"wp:attachment":[{"href":"http:\/\/www.pierrecouprie.fr\/index.php?rest_route=%2Fwp%2Fv2%2Fmedia&parent=1753"}],"wp:term":[{"taxonomy":"category","embeddable":true,"href":"http:\/\/www.pierrecouprie.fr\/index.php?rest_route=%2Fwp%2Fv2%2Fcategories&post=1753"},{"taxonomy":"post_tag","embeddable":true,"href":"http:\/\/www.pierrecouprie.fr\/index.php?rest_route=%2Fwp%2Fv2%2Ftags&post=1753"}],"curies":[{"name":"wp","href":"https:\/\/api.w.org\/{rel}","templated":true}]}}