{"id":1601,"date":"2016-06-15T09:00:50","date_gmt":"2016-06-15T07:00:50","guid":{"rendered":"http:\/\/www.pierrecouprie.fr\/?p=1601"},"modified":"2016-06-15T19:18:01","modified_gmt":"2016-06-15T17:18:01","slug":"son-vitesse-lumiere-de-francois-bayle","status":"publish","type":"post","link":"http:\/\/www.pierrecouprie.fr\/?p=1601","title":{"rendered":"Voyage dans \u201cGrandeur nature\u201d"},"content":{"rendered":"<p>Pierre Couprie, \u00ab Voyage dans \u201cGrandeur nature\u201d<em>\u00a0<\/em>\u00bb,\u00a0<em>in<\/em>\u00a0F. Bayle (\u00e9d.),\u00a0<em>Son Vitesse-Lumi\u00e8re<\/em>, Paris, Magisson, 2016, p. 47-57.<\/p>\n<p style=\"text-align: right;\">\u00ab\u00a0Ce mouvement est une ample respiration, un long survol en<br \/>\ndilatations-compressions, sans impacts et sans heurts.\u00a0\u00bb<\/p>\n<p><a href=\"http:\/\/www.pierrecouprie.fr\/?attachment_id=1607\" rel=\"attachment wp-att-1607\"><img loading=\"lazy\" decoding=\"async\" class=\"alignnone size-large wp-image-1607\" src=\"http:\/\/www.pierrecouprie.fr\/wp-content\/uploads\/2016\/06\/svl-1024x846.jpg\" alt=\"svl\" width=\"584\" height=\"482\" srcset=\"http:\/\/www.pierrecouprie.fr\/wp-content\/uploads\/2016\/06\/svl-1024x846.jpg 1024w, http:\/\/www.pierrecouprie.fr\/wp-content\/uploads\/2016\/06\/svl-300x248.jpg 300w, http:\/\/www.pierrecouprie.fr\/wp-content\/uploads\/2016\/06\/svl-768x634.jpg 768w, http:\/\/www.pierrecouprie.fr\/wp-content\/uploads\/2016\/06\/svl-500x413.jpg 500w, http:\/\/www.pierrecouprie.fr\/wp-content\/uploads\/2016\/06\/svl.jpg 1280w\" sizes=\"auto, (max-width: 584px) 100vw, 584px\" \/><\/a><\/p>\n<p>La musique de Fran\u00e7ois Bayle est propice au voyage. Le compositeur place l\u2019auditeur dans une machine, tel un explorateur de l\u2019ou\u00efe survolant un paysage sonore onirique. Mais, loin d\u2019\u00eatre uniforme, ce paysage morphog\u00e9n\u00e9tique, cette ample respiration musicale, fourmille de d\u00e9tails qui renouvellent l\u2019exp\u00e9rience \u00e0 chaque \u00e9coute. Le mouvement se caract\u00e9rise par l\u2019\u00e9volution continue d\u2019un mat\u00e9riau limpide \u00e0 la perception mais complexe dans ses d\u00e9tails. La demi-heure qui le compose se per\u00e7oit comme le survol d\u2019un flux sans cesse renouvel\u00e9, parfois dense, parfois ne tenant plus qu\u2019\u00e0 un fil, transportant l\u2019auditeur d\u00e9couvrant un paysage acousmatique.<\/p>\n<p>Les notions de flux et de singularit\u00e9, notions centrales en physique et en math\u00e9matiques, nous ont sembl\u00e9 les plus fertiles pour \u00e9tudier le fonctionnement de cette ample respiration. Du flux, nous avons retenu la mani\u00e8re dont le mat\u00e9riau est en permanente \u00e9volution, les textures se transforment, se m\u00e9tamorphosent afin de guider l\u2019auditeur dans le paysage musical. De leur c\u00f4t\u00e9, les singularit\u00e9s sous la forme de moments de transition ou de gestes morphologiques, proposent des saillances guidant le parcours de l\u2019oreille.<\/p>\n<p><a href=\"http:\/\/www.pierrecouprie.fr\/?attachment_id=1611\" rel=\"attachment wp-att-1611\"><img loading=\"lazy\" decoding=\"async\" class=\"alignnone size-large wp-image-1611\" src=\"http:\/\/www.pierrecouprie.fr\/wp-content\/uploads\/2016\/06\/planSonore03-resize-1024x612.png\" alt=\"planSonore03-resize\" width=\"584\" height=\"349\" srcset=\"http:\/\/www.pierrecouprie.fr\/wp-content\/uploads\/2016\/06\/planSonore03-resize.png 1024w, http:\/\/www.pierrecouprie.fr\/wp-content\/uploads\/2016\/06\/planSonore03-resize-300x179.png 300w, http:\/\/www.pierrecouprie.fr\/wp-content\/uploads\/2016\/06\/planSonore03-resize-768x459.png 768w, http:\/\/www.pierrecouprie.fr\/wp-content\/uploads\/2016\/06\/planSonore03-resize-500x299.png 500w\" sizes=\"auto, (max-width: 584px) 100vw, 584px\" \/><\/a><\/p>\n<p>Le sonagramme de \u00ab\u00a0Grandeur nature\u00a0\u00bb surprend d\u00e8s le premier regard. Il se pr\u00e9sente avec une lisibilit\u00e9 parfaite de l\u2019int\u00e9gralit\u00e9 des \u00e9v\u00e8nements sonores et une tr\u00e8s grande beaut\u00e9 esth\u00e9tique. Pour l\u2019auditeur, il poss\u00e8de un double statut\u00a0: celui d\u2019un outil d\u2019aide \u00e0 l\u2019\u00e9coute et celui d\u2019un objet se d\u00e9tachant de l\u2019\u0153uvre, comme un commentaire esth\u00e9tique. Mais \u00e0 c\u00f4t\u00e9 de ce sonagramme, nous avons aussi utilis\u00e9 d\u2019autres types de repr\u00e9sentations du son comme celles r\u00e9alis\u00e9es \u00e0 partir de descripteurs audio ou celles recomposant l\u2019image du sonagramme en matrices de similarit\u00e9s. Ces repr\u00e9sentations compl\u00e8tent le trac\u00e9 du spectre en \u00e9clairant certains de ces aspects ou en r\u00e9v\u00e9lant des transformations spectrales qui paraissent masqu\u00e9es.<\/p>\n<p>Ce texte se pr\u00e9sente en cinq parties. La premi\u00e8re partie nous permettra d\u2019introduire la m\u00e9thode de repr\u00e9sentation et les diff\u00e9rents outils acoustiques et math\u00e9matiques auxquels elle fait appel. Nous pr\u00e9senterons ensuite plusieurs extraits \u00e0 travers trois th\u00e9matiques\u00a0: la transformation-m\u00e9tamorphose, le geste morphologique et les conduites d\u2019\u00e9coute. Enfin, nous terminerons avec une introduction \u00e0 la repr\u00e9sentation compl\u00e8te de ce mouvement disponible dans le support multim\u00e9dia accompagnant cette publication.<\/p>\n<p><strong>Le livre<\/strong><\/p>\n<p>Magison volume 22<br \/>\nUn livre de 176 p. accompagn\u00e9 d&rsquo;un DVD-Rom, avec le soutien de la Sacem et de l&rsquo;InaGrm<\/p>\n<p>Textes, analyses et acousmographies, avec les contributions de :<br \/>\nRegis Renouard-Larivi\u00e8re, Fran\u00e7ois Bayle, Leopoldo Siano, Pierre Couprie, Isabel Pires, Ana Dall&rsquo;Ara Marek, Ga\u00ebl Tissot, Mario Mary, Tobias Hunermann, Andr\u00e9a Cohen.<\/p>\n<p><strong>le DVD-Rom<\/strong><\/p>\n<ul>\n<li>\u00e9couter\/voir les acousmographies des 5 mouvements de Son Vitesse-Lumi\u00e8re<\/li>\n<li>imprimer les cahiers d&rsquo;acousmographies<\/li>\n<li>regarder le diaporama des Concert-Lumi\u00e8res con\u00e7us par Jacques Rouveyrollis et Patrice Richard, r\u00e9alis\u00e9 par Gregory Pignot ainsi qu&rsquo;une vid\u00e9o de Sylvie Bouteiller sur \u00ab\u00a0Lumi\u00e8re ralentie\u00a0\u00bb<\/li>\n<li>album des documents Magison &#8211; programmes, presse, carnets de travail, photos des Concerts Lumi\u00e8res<\/li>\n<li>entendre la version radiophonique pour l&rsquo;ACR, voix de Ren\u00e9 Farabet, Bernard No\u00ebl, Michel Cass\u00e9, Paul Virilio, Fran\u00e7ois Bayle et Karlheinz Stockhausen.<\/li>\n<\/ul>\n","protected":false},"excerpt":{"rendered":"<p>Pierre Couprie, \u00ab Voyage dans \u201cGrandeur nature\u201d\u00a0\u00bb,\u00a0in\u00a0F. Bayle (\u00e9d.),\u00a0Son Vitesse-Lumi\u00e8re, Paris, Magisson, 2016, p. 47-57. \u00ab\u00a0Ce mouvement est une ample respiration, un long survol en dilatations-compressions, sans impacts et sans heurts.\u00a0\u00bb La musique de Fran\u00e7ois Bayle est propice au voyage. Le compositeur place l\u2019auditeur dans une machine, tel un explorateur de l\u2019ou\u00efe survolant un paysage [&hellip;]<\/p>\n","protected":false},"author":1,"featured_media":0,"comment_status":"closed","ping_status":"closed","sticky":false,"template":"","format":"standard","meta":{"ngg_post_thumbnail":0,"footnotes":""},"categories":[13,10],"tags":[],"class_list":["post-1601","post","type-post","status-publish","format-standard","hentry","category-publication","category-recherche"],"_links":{"self":[{"href":"http:\/\/www.pierrecouprie.fr\/index.php?rest_route=\/wp\/v2\/posts\/1601","targetHints":{"allow":["GET"]}}],"collection":[{"href":"http:\/\/www.pierrecouprie.fr\/index.php?rest_route=\/wp\/v2\/posts"}],"about":[{"href":"http:\/\/www.pierrecouprie.fr\/index.php?rest_route=\/wp\/v2\/types\/post"}],"author":[{"embeddable":true,"href":"http:\/\/www.pierrecouprie.fr\/index.php?rest_route=\/wp\/v2\/users\/1"}],"replies":[{"embeddable":true,"href":"http:\/\/www.pierrecouprie.fr\/index.php?rest_route=%2Fwp%2Fv2%2Fcomments&post=1601"}],"version-history":[{"count":11,"href":"http:\/\/www.pierrecouprie.fr\/index.php?rest_route=\/wp\/v2\/posts\/1601\/revisions"}],"predecessor-version":[{"id":1616,"href":"http:\/\/www.pierrecouprie.fr\/index.php?rest_route=\/wp\/v2\/posts\/1601\/revisions\/1616"}],"wp:attachment":[{"href":"http:\/\/www.pierrecouprie.fr\/index.php?rest_route=%2Fwp%2Fv2%2Fmedia&parent=1601"}],"wp:term":[{"taxonomy":"category","embeddable":true,"href":"http:\/\/www.pierrecouprie.fr\/index.php?rest_route=%2Fwp%2Fv2%2Fcategories&post=1601"},{"taxonomy":"post_tag","embeddable":true,"href":"http:\/\/www.pierrecouprie.fr\/index.php?rest_route=%2Fwp%2Fv2%2Ftags&post=1601"}],"curies":[{"name":"wp","href":"https:\/\/api.w.org\/{rel}","templated":true}]}}